{"id":94940,"date":"2026-09-01T12:47:50","date_gmt":"2026-09-01T10:47:50","guid":{"rendered":"https:\/\/mont-roig.cat\/actualitat\/noticies\/nueva-temporada-de-actividades-deportivas-2026-2027-en-mont-roig-del-camp-y-miami-platja-a-partir-del-14-de-septiembre\/"},"modified":"2026-09-02T11:08:23","modified_gmt":"2026-09-02T09:08:23","slug":"nueva-temporadade-actividades-deportivas-2026-2027-en-mont-roig-del-camp-y-miami-platja-a-partir-del-14-de-septiembre","status":"publish","type":"post","link":"https:\/\/mont-roig.cat\/es\/actualitat\/noticies\/nueva-temporadade-actividades-deportivas-2026-2027-en-mont-roig-del-camp-y-miami-platja-a-partir-del-14-de-septiembre\/","title":{"rendered":"Nueva temporada de actividades deportivas 2026-2027 en Mont-roig del Camp y Miami Platja a partir del 14 de septiembre"},"content":{"rendered":"<p><strong><strong><a href=\"https:\/\/mont-roig.cat\/wp-content\/uploads\/MM_ESPORTS_TARDOR26_META-scaled.png\" target=\"_blank\" rel=\"noopener\"><img loading=\"lazy\" decoding=\"async\" class=\"alignright wp-image-94910\" src=\"https:\/\/mont-roig.cat\/wp-content\/uploads\/MM_ESPORTS_TARDOR26_META-500x262.png\" alt=\"\" width=\"296\" height=\"155\" srcset=\"https:\/\/mont-roig.cat\/wp-content\/uploads\/MM_ESPORTS_TARDOR26_META-500x262.png 500w, https:\/\/mont-roig.cat\/wp-content\/uploads\/MM_ESPORTS_TARDOR26_META-1024x536.png 1024w, https:\/\/mont-roig.cat\/wp-content\/uploads\/MM_ESPORTS_TARDOR26_META-768x402.png 768w, https:\/\/mont-roig.cat\/wp-content\/uploads\/MM_ESPORTS_TARDOR26_META-1536x804.png 1536w, https:\/\/mont-roig.cat\/wp-content\/uploads\/MM_ESPORTS_TARDOR26_META-scaled.png 2048w\" sizes=\"auto, (max-width: 296px) 100vw, 296px\" \/><\/a><\/strong><\/strong><\/p>\n<ul>\n<li class=\"isSelectedEnd\"><strong>El Ayuntamiento de Mont-roig del Camp, a trav\u00e9s de Nostreserveis, pone en marcha una nueva temporada deportiva con actividades para todas las edades, nuevas propuestas para j\u00f3venes y adultos y los gimnasios municipales renovados. Las inscripciones ya est\u00e1n abiertas en la web<\/strong> <strong><a href=\"http:\/\/www.nostreserveis.cat\">www.nostreserveis.cat<\/a><\/strong><\/li>\n<\/ul>\n<p class=\"isSelectedEnd\">El \u00c1rea de Deportes del Ayuntamiento de Mont-roig del Camp anuncia el inicio de la nueva temporada de actividades deportivas, que comenzar\u00e1 el 14 de septiembre de 2026 y se alargar\u00e1 hasta el 18 de junio de 2027. La programaci\u00f3n municipal mantiene una amplia oferta deportiva para ni\u00f1os, j\u00f3venes, adultos y personas mayores, con actividades pensadas para adaptarse a diferentes edades, intereses y niveles de actividad f\u00edsica.<\/p>\n<p class=\"isSelectedEnd\"><strong>M\u00e1s opciones para j\u00f3venes y adultos<\/strong><\/p>\n<p class=\"isSelectedEnd\">Una de las principales novedades de esta temporada es la ampliaci\u00f3n de la oferta de clases dirigidas para j\u00f3venes a partir de 14 a\u00f1os y adultos, con nuevos formatos que permiten diversificar la pr\u00e1ctica deportiva.<\/p>\n<p class=\"isSelectedEnd\">A las actividades que ya se ven\u00edan ofreciendo se incorporan Cross Training, Body Pump, Zumba Toning y Pilates Actiu, ampliando las posibilidades para entrenar, tonificar y mantenerse activo.<\/p>\n<p class=\"isSelectedEnd\">La programaci\u00f3n se completa con actividades como ciclismo de sala, ciclo virtual, tonificaci\u00f3n, Pilates, Yoga, Urban\/Zumba y GAC, seg\u00fan el centro y el horario.<\/p>\n<p class=\"isSelectedEnd\"><strong>Los gimnasios municipales, con maquinaria renovada<\/strong><\/p>\n<p class=\"isSelectedEnd\">La nueva temporada tambi\u00e9n pone el foco en las salas de fitness de los polideportivos municipales de Mont-roig del Camp y Miami Platja, que cuentan con una renovaci\u00f3n completa y un aumento del n\u00famero de m\u00e1quinas de fuerza.<\/p>\n<p class=\"isSelectedEnd\">El horario de las salas de fitness es de lunes a viernes, de 7.00 a 21.30 h, y los s\u00e1bados, de 9.00 a 13.00 h y de 16.00 a 20.00 h. El acceso al gimnasio es para mayores de 16 a\u00f1os, y los menores de 18 necesitan autorizaci\u00f3n del padre, madre o tutor\/a.<\/p>\n<p class=\"isSelectedEnd\"><strong>Actividades para todas las edades<\/strong><\/p>\n<p class=\"isSelectedEnd\">La oferta deportiva municipal mantiene tambi\u00e9n las actividades dirigidas a los m\u00e1s peque\u00f1os y a las personas mayores.<\/p>\n<ul data-spread=\"false\">\n<li><strong>Ni\u00f1os<\/strong>: Diveresports y nataci\u00f3n infantil. Diveresports trabaja las habilidades motrices b\u00e1sicas, la coordinaci\u00f3n, el equilibrio, el ritmo y el dominio del cuerpo.<\/li>\n<li><strong>Nataci\u00f3n infantil:<\/strong> actividad dirigida a ni\u00f1os nacidos entre 2013 y 2023, orientada al aprendizaje de las habilidades b\u00e1sicas de nataci\u00f3n, la adaptaci\u00f3n al medio acu\u00e1tico, la coordinaci\u00f3n, la autonom\u00eda y la seguridad dentro del agua.<\/li>\n<li><strong>Personas mayores +65<\/strong>: se mantienen las propuestas de Edat d\u2019Or +65, Gimn\u00e0stica Suau +65 y Caminem Miami \/ Caminem Mont-roig, con actividades que favorecen la pr\u00e1ctica de ejercicio f\u00edsico y el bienestar.<\/li>\n<\/ul>\n<p class=\"isSelectedEnd\"><strong>Mismos precios y abonos<\/strong><\/p>\n<p class=\"isSelectedEnd\">Como punto positivo para los usuarios y usuarias, se mantienen los precios y abonos de la temporada anterior, facilitando as\u00ed la continuidad en la pr\u00e1ctica deportiva. El folleto de la temporada recoge las diferentes modalidades de abono y precios para j\u00f3venes y adultos, actividades dirigidas, gimnasio, deportes de raqueta y actividades infantiles.<\/p>\n<p class=\"isSelectedEnd\"><strong>Calendario e inscripciones<\/strong><\/p>\n<p class=\"isSelectedEnd\">Las actividades se desarrollar\u00e1n del 14 de septiembre de 2026 al 18 de junio de 2027, con una interrupci\u00f3n durante las vacaciones escolares de Navidad, del 21 de diciembre al 7 de enero, y durante la Semana Santa, del 22 al 26 de marzo.<\/p>\n<p>Las inscripciones se pueden realizar a trav\u00e9s de Nostreserveis en la web <a href=\"https:\/\/nostreserveis.cat\/els-nostres-serveis\/area-desports\/\" target=\"_blank\" rel=\"noopener\" data-rich-text-autolink=\"\">https:\/\/nostreserveis.cat\/els-nostres-serveis\/area-desports\/<\/a>. Para m\u00e1s informaci\u00f3n, se puede contactar con el \u00c1rea de Deportes a trav\u00e9s de <a href=\"mailto:esports@nostreserveis.cat\" target=\"_blank\" rel=\"noopener\">esports@nostreserveis.cat<\/a>.<\/p>\n<p>Descargar el programa completo <a href=\"https:\/\/mont-roig.cat\/wp-content\/uploads\/MM_esports_tardor26_WEB.pdf\" target=\"_blank\" rel=\"noopener\">en ESTE PDF.<\/a><\/p>\n","protected":false},"excerpt":{"rendered":"<p>El Ayuntamiento de Mont-roig del Camp, a trav\u00e9s de Nostreserveis, pone en marcha una nueva temporada deportiva con actividades para todas las edades, nuevas propuestas para j\u00f3venes y adultos y los gimnasios municipales renovados. Las inscripciones ya est\u00e1n abiertas en la web www.nostreserveis.cat El \u00c1rea de Deportes del Ayuntamiento de Mont-roig del Camp anuncia el [&hellip;]<\/p>\n","protected":false},"author":13,"featured_media":94914,"comment_status":"closed","ping_status":"closed","sticky":false,"template":"","format":"standard","meta":{"inline_featured_image":false,"_monsterinsights_skip_tracking":false,"footnotes":""},"categories":[98,104,204],"tags":[],"class_list":["post-94940","post","type-post","status-publish","format-standard","has-post-thumbnail","hentry","category-ayuntamiento","category-deportes","category-nostreserveis-es"],"yoast_head":"<!-- This site is optimized with the Yoast SEO plugin v28.2 - https:\/\/yoast.com\/product\/yoast-seo-wordpress\/ -->\n<title>Nueva temporada de actividades deportivas 2026-2027 en Mont-roig del Camp y Miami Platja a partir del 14 de septiembre - Ajuntament de Mont-roig del Camp<\/title>\n<meta name=\"robots\" content=\"index, follow, max-snippet:-1, max-image-preview:large, max-video-preview:-1\" \/>\n<link rel=\"canonical\" href=\"https:\/\/mont-roig.cat\/es\/actualitat\/noticies\/nueva-temporadade-actividades-deportivas-2026-2027-en-mont-roig-del-camp-y-miami-platja-a-partir-del-14-de-septiembre\/\" \/>\n<meta property=\"og:locale\" content=\"es_ES\" \/>\n<meta property=\"og:type\" content=\"article\" \/>\n<meta property=\"og:title\" content=\"Nueva temporada de actividades deportivas 2026-2027 en Mont-roig del Camp y Miami Platja a partir del 14 de septiembre - Ajuntament de Mont-roig del Camp\" \/>\n<meta property=\"og:description\" content=\"El Ayuntamiento de Mont-roig del Camp, a trav\u00e9s de Nostreserveis, pone en marcha una nueva temporada deportiva con actividades para todas las edades, nuevas propuestas para j\u00f3venes y adultos y los gimnasios municipales renovados. Las inscripciones ya est\u00e1n abiertas en la web www.nostreserveis.cat El \u00c1rea de Deportes del Ayuntamiento de Mont-roig del Camp anuncia el [&hellip;]\" \/>\n<meta property=\"og:url\" content=\"https:\/\/mont-roig.cat\/es\/actualitat\/noticies\/nueva-temporadade-actividades-deportivas-2026-2027-en-mont-roig-del-camp-y-miami-platja-a-partir-del-14-de-septiembre\/\" \/>\n<meta property=\"og:site_name\" content=\"Ajuntament de Mont-roig del Camp\" \/>\n<meta property=\"article:published_time\" content=\"2026-09-01T10:47:50+00:00\" \/>\n<meta property=\"article:modified_time\" content=\"2026-09-02T09:08:23+00:00\" \/>\n<meta property=\"og:image\" content=\"https:\/\/mont-roig.cat\/wp-content\/uploads\/MM_ESPORTS_TARDOR26_META-scaled.png\" \/>\n\t<meta property=\"og:image:width\" content=\"2048\" \/>\n\t<meta property=\"og:image:height\" content=\"1072\" \/>\n\t<meta property=\"og:image:type\" content=\"image\/png\" \/>\n<meta name=\"author\" content=\"comunicacio\" \/>\n<meta name=\"twitter:card\" content=\"summary_large_image\" \/>\n<meta name=\"twitter:label1\" content=\"Escrito por\" \/>\n\t<meta name=\"twitter:data1\" content=\"comunicacio\" \/>\n\t<meta name=\"twitter:label2\" content=\"Tiempo de lectura\" \/>\n\t<meta name=\"twitter:data2\" content=\"4 minutos\" \/>\n<script type=\"application\/ld+json\" class=\"yoast-schema-graph\">{\"@context\":\"https:\\\/\\\/schema.org\",\"@graph\":[{\"@type\":\"Article\",\"@id\":\"https:\\\/\\\/mont-roig.cat\\\/es\\\/actualitat\\\/noticies\\\/nueva-temporadade-actividades-deportivas-2026-2027-en-mont-roig-del-camp-y-miami-platja-a-partir-del-14-de-septiembre\\\/#article\",\"isPartOf\":{\"@id\":\"https:\\\/\\\/mont-roig.cat\\\/es\\\/actualitat\\\/noticies\\\/nueva-temporadade-actividades-deportivas-2026-2027-en-mont-roig-del-camp-y-miami-platja-a-partir-del-14-de-septiembre\\\/\"},\"author\":{\"name\":\"comunicacio\",\"@id\":\"https:\\\/\\\/mont-roig.cat\\\/es\\\/#\\\/schema\\\/person\\\/1f73e7b5e6f9dd122e8a6f14f310ac5e\"},\"headline\":\"Nueva temporada de actividades deportivas 2026-2027 en Mont-roig del Camp y Miami Platja a partir del 14 de septiembre\",\"datePublished\":\"2026-09-01T10:47:50+00:00\",\"dateModified\":\"2026-09-02T09:08:23+00:00\",\"mainEntityOfPage\":{\"@id\":\"https:\\\/\\\/mont-roig.cat\\\/es\\\/actualitat\\\/noticies\\\/nueva-temporadade-actividades-deportivas-2026-2027-en-mont-roig-del-camp-y-miami-platja-a-partir-del-14-de-septiembre\\\/\"},\"wordCount\":602,\"image\":{\"@id\":\"https:\\\/\\\/mont-roig.cat\\\/es\\\/actualitat\\\/noticies\\\/nueva-temporadade-actividades-deportivas-2026-2027-en-mont-roig-del-camp-y-miami-platja-a-partir-del-14-de-septiembre\\\/#primaryimage\"},\"thumbnailUrl\":\"https:\\\/\\\/mont-roig.cat\\\/wp-content\\\/uploads\\\/MM_ESPORTS_TARDOR26_META-scaled.png\",\"articleSection\":[\"Ayuntamiento\",\"Deportes\",\"Nostreserveis\"],\"inLanguage\":\"es\"},{\"@type\":\"WebPage\",\"@id\":\"https:\\\/\\\/mont-roig.cat\\\/es\\\/actualitat\\\/noticies\\\/nueva-temporadade-actividades-deportivas-2026-2027-en-mont-roig-del-camp-y-miami-platja-a-partir-del-14-de-septiembre\\\/\",\"url\":\"https:\\\/\\\/mont-roig.cat\\\/es\\\/actualitat\\\/noticies\\\/nueva-temporadade-actividades-deportivas-2026-2027-en-mont-roig-del-camp-y-miami-platja-a-partir-del-14-de-septiembre\\\/\",\"name\":\"Nueva temporada de actividades deportivas 2026-2027 en Mont-roig del Camp y Miami Platja a partir del 14 de septiembre - Ajuntament de Mont-roig del Camp\",\"isPartOf\":{\"@id\":\"https:\\\/\\\/mont-roig.cat\\\/es\\\/#website\"},\"primaryImageOfPage\":{\"@id\":\"https:\\\/\\\/mont-roig.cat\\\/es\\\/actualitat\\\/noticies\\\/nueva-temporadade-actividades-deportivas-2026-2027-en-mont-roig-del-camp-y-miami-platja-a-partir-del-14-de-septiembre\\\/#primaryimage\"},\"image\":{\"@id\":\"https:\\\/\\\/mont-roig.cat\\\/es\\\/actualitat\\\/noticies\\\/nueva-temporadade-actividades-deportivas-2026-2027-en-mont-roig-del-camp-y-miami-platja-a-partir-del-14-de-septiembre\\\/#primaryimage\"},\"thumbnailUrl\":\"https:\\\/\\\/mont-roig.cat\\\/wp-content\\\/uploads\\\/MM_ESPORTS_TARDOR26_META-scaled.png\",\"datePublished\":\"2026-09-01T10:47:50+00:00\",\"dateModified\":\"2026-09-02T09:08:23+00:00\",\"author\":{\"@id\":\"https:\\\/\\\/mont-roig.cat\\\/es\\\/#\\\/schema\\\/person\\\/1f73e7b5e6f9dd122e8a6f14f310ac5e\"},\"breadcrumb\":{\"@id\":\"https:\\\/\\\/mont-roig.cat\\\/es\\\/actualitat\\\/noticies\\\/nueva-temporadade-actividades-deportivas-2026-2027-en-mont-roig-del-camp-y-miami-platja-a-partir-del-14-de-septiembre\\\/#breadcrumb\"},\"inLanguage\":\"es\",\"potentialAction\":[{\"@type\":\"ReadAction\",\"target\":[\"https:\\\/\\\/mont-roig.cat\\\/es\\\/actualitat\\\/noticies\\\/nueva-temporadade-actividades-deportivas-2026-2027-en-mont-roig-del-camp-y-miami-platja-a-partir-del-14-de-septiembre\\\/\"]}]},{\"@type\":\"ImageObject\",\"inLanguage\":\"es\",\"@id\":\"https:\\\/\\\/mont-roig.cat\\\/es\\\/actualitat\\\/noticies\\\/nueva-temporadade-actividades-deportivas-2026-2027-en-mont-roig-del-camp-y-miami-platja-a-partir-del-14-de-septiembre\\\/#primaryimage\",\"url\":\"https:\\\/\\\/mont-roig.cat\\\/wp-content\\\/uploads\\\/MM_ESPORTS_TARDOR26_META-scaled.png\",\"contentUrl\":\"https:\\\/\\\/mont-roig.cat\\\/wp-content\\\/uploads\\\/MM_ESPORTS_TARDOR26_META-scaled.png\",\"width\":2048,\"height\":1072},{\"@type\":\"BreadcrumbList\",\"@id\":\"https:\\\/\\\/mont-roig.cat\\\/es\\\/actualitat\\\/noticies\\\/nueva-temporadade-actividades-deportivas-2026-2027-en-mont-roig-del-camp-y-miami-platja-a-partir-del-14-de-septiembre\\\/#breadcrumb\",\"itemListElement\":[{\"@type\":\"ListItem\",\"position\":1,\"name\":\"Inici\",\"item\":\"https:\\\/\\\/mont-roig.cat\\\/es\\\/pagina-de-inicio\\\/\"},{\"@type\":\"ListItem\",\"position\":2,\"name\":\"Nueva temporada de actividades deportivas 2026-2027 en Mont-roig del Camp y Miami Platja a partir del 14 de septiembre\"}]},{\"@type\":\"WebSite\",\"@id\":\"https:\\\/\\\/mont-roig.cat\\\/es\\\/#website\",\"url\":\"https:\\\/\\\/mont-roig.cat\\\/es\\\/\",\"name\":\"Ajuntament de Mont-roig del Camp\",\"description\":\"Tota la informaci\u00f3 sobre la instituci\u00f3, els seus \u00f2rgans de govern, actualitat, serveis i molt m\u00e9s.\",\"potentialAction\":[{\"@type\":\"SearchAction\",\"target\":{\"@type\":\"EntryPoint\",\"urlTemplate\":\"https:\\\/\\\/mont-roig.cat\\\/es\\\/?s={search_term_string}\"},\"query-input\":{\"@type\":\"PropertyValueSpecification\",\"valueRequired\":true,\"valueName\":\"search_term_string\"}}],\"inLanguage\":\"es\"},{\"@type\":\"Person\",\"@id\":\"https:\\\/\\\/mont-roig.cat\\\/es\\\/#\\\/schema\\\/person\\\/1f73e7b5e6f9dd122e8a6f14f310ac5e\",\"name\":\"comunicacio\",\"image\":{\"@type\":\"ImageObject\",\"inLanguage\":\"es\",\"@id\":\"https:\\\/\\\/secure.gravatar.com\\\/avatar\\\/98944333e7a877670a64f8d10f0cb680ab2c9ebc4efc43945ef004b52b5ad28c?s=96&d=mm&r=g\",\"url\":\"https:\\\/\\\/secure.gravatar.com\\\/avatar\\\/98944333e7a877670a64f8d10f0cb680ab2c9ebc4efc43945ef004b52b5ad28c?s=96&d=mm&r=g\",\"contentUrl\":\"https:\\\/\\\/secure.gravatar.com\\\/avatar\\\/98944333e7a877670a64f8d10f0cb680ab2c9ebc4efc43945ef004b52b5ad28c?s=96&d=mm&r=g\",\"caption\":\"comunicacio\"},\"url\":\"https:\\\/\\\/mont-roig.cat\\\/es\\\/actualitat\\\/noticies\\\/author\\\/comunicacio\\\/\"}]}<\/script>\n<!-- \/ Yoast SEO plugin. -->","yoast_head_json":{"title":"Nueva temporada de actividades deportivas 2026-2027 en Mont-roig del Camp y Miami Platja a partir del 14 de septiembre - Ajuntament de Mont-roig del Camp","robots":{"index":"index","follow":"follow","max-snippet":"max-snippet:-1","max-image-preview":"max-image-preview:large","max-video-preview":"max-video-preview:-1"},"canonical":"https:\/\/mont-roig.cat\/es\/actualitat\/noticies\/nueva-temporadade-actividades-deportivas-2026-2027-en-mont-roig-del-camp-y-miami-platja-a-partir-del-14-de-septiembre\/","og_locale":"es_ES","og_type":"article","og_title":"Nueva temporada de actividades deportivas 2026-2027 en Mont-roig del Camp y Miami Platja a partir del 14 de septiembre - Ajuntament de Mont-roig del Camp","og_description":"El Ayuntamiento de Mont-roig del Camp, a trav\u00e9s de Nostreserveis, pone en marcha una nueva temporada deportiva con actividades para todas las edades, nuevas propuestas para j\u00f3venes y adultos y los gimnasios municipales renovados. Las inscripciones ya est\u00e1n abiertas en la web www.nostreserveis.cat El \u00c1rea de Deportes del Ayuntamiento de Mont-roig del Camp anuncia el [&hellip;]","og_url":"https:\/\/mont-roig.cat\/es\/actualitat\/noticies\/nueva-temporadade-actividades-deportivas-2026-2027-en-mont-roig-del-camp-y-miami-platja-a-partir-del-14-de-septiembre\/","og_site_name":"Ajuntament de Mont-roig del Camp","article_published_time":"2026-09-01T10:47:50+00:00","article_modified_time":"2026-09-02T09:08:23+00:00","og_image":[{"width":2048,"height":1072,"url":"https:\/\/mont-roig.cat\/wp-content\/uploads\/MM_ESPORTS_TARDOR26_META-scaled.png","type":"image\/png"}],"author":"comunicacio","twitter_card":"summary_large_image","twitter_misc":{"Escrito por":"comunicacio","Tiempo de lectura":"4 minutos"},"schema":{"@context":"https:\/\/schema.org","@graph":[{"@type":"Article","@id":"https:\/\/mont-roig.cat\/es\/actualitat\/noticies\/nueva-temporadade-actividades-deportivas-2026-2027-en-mont-roig-del-camp-y-miami-platja-a-partir-del-14-de-septiembre\/#article","isPartOf":{"@id":"https:\/\/mont-roig.cat\/es\/actualitat\/noticies\/nueva-temporadade-actividades-deportivas-2026-2027-en-mont-roig-del-camp-y-miami-platja-a-partir-del-14-de-septiembre\/"},"author":{"name":"comunicacio","@id":"https:\/\/mont-roig.cat\/es\/#\/schema\/person\/1f73e7b5e6f9dd122e8a6f14f310ac5e"},"headline":"Nueva temporada de actividades deportivas 2026-2027 en Mont-roig del Camp y Miami Platja a partir del 14 de septiembre","datePublished":"2026-09-01T10:47:50+00:00","dateModified":"2026-09-02T09:08:23+00:00","mainEntityOfPage":{"@id":"https:\/\/mont-roig.cat\/es\/actualitat\/noticies\/nueva-temporadade-actividades-deportivas-2026-2027-en-mont-roig-del-camp-y-miami-platja-a-partir-del-14-de-septiembre\/"},"wordCount":602,"image":{"@id":"https:\/\/mont-roig.cat\/es\/actualitat\/noticies\/nueva-temporadade-actividades-deportivas-2026-2027-en-mont-roig-del-camp-y-miami-platja-a-partir-del-14-de-septiembre\/#primaryimage"},"thumbnailUrl":"https:\/\/mont-roig.cat\/wp-content\/uploads\/MM_ESPORTS_TARDOR26_META-scaled.png","articleSection":["Ayuntamiento","Deportes","Nostreserveis"],"inLanguage":"es"},{"@type":"WebPage","@id":"https:\/\/mont-roig.cat\/es\/actualitat\/noticies\/nueva-temporadade-actividades-deportivas-2026-2027-en-mont-roig-del-camp-y-miami-platja-a-partir-del-14-de-septiembre\/","url":"https:\/\/mont-roig.cat\/es\/actualitat\/noticies\/nueva-temporadade-actividades-deportivas-2026-2027-en-mont-roig-del-camp-y-miami-platja-a-partir-del-14-de-septiembre\/","name":"Nueva temporada de actividades deportivas 2026-2027 en Mont-roig del Camp y Miami Platja a partir del 14 de septiembre - Ajuntament de Mont-roig del Camp","isPartOf":{"@id":"https:\/\/mont-roig.cat\/es\/#website"},"primaryImageOfPage":{"@id":"https:\/\/mont-roig.cat\/es\/actualitat\/noticies\/nueva-temporadade-actividades-deportivas-2026-2027-en-mont-roig-del-camp-y-miami-platja-a-partir-del-14-de-septiembre\/#primaryimage"},"image":{"@id":"https:\/\/mont-roig.cat\/es\/actualitat\/noticies\/nueva-temporadade-actividades-deportivas-2026-2027-en-mont-roig-del-camp-y-miami-platja-a-partir-del-14-de-septiembre\/#primaryimage"},"thumbnailUrl":"https:\/\/mont-roig.cat\/wp-content\/uploads\/MM_ESPORTS_TARDOR26_META-scaled.png","datePublished":"2026-09-01T10:47:50+00:00","dateModified":"2026-09-02T09:08:23+00:00","author":{"@id":"https:\/\/mont-roig.cat\/es\/#\/schema\/person\/1f73e7b5e6f9dd122e8a6f14f310ac5e"},"breadcrumb":{"@id":"https:\/\/mont-roig.cat\/es\/actualitat\/noticies\/nueva-temporadade-actividades-deportivas-2026-2027-en-mont-roig-del-camp-y-miami-platja-a-partir-del-14-de-septiembre\/#breadcrumb"},"inLanguage":"es","potentialAction":[{"@type":"ReadAction","target":["https:\/\/mont-roig.cat\/es\/actualitat\/noticies\/nueva-temporadade-actividades-deportivas-2026-2027-en-mont-roig-del-camp-y-miami-platja-a-partir-del-14-de-septiembre\/"]}]},{"@type":"ImageObject","inLanguage":"es","@id":"https:\/\/mont-roig.cat\/es\/actualitat\/noticies\/nueva-temporadade-actividades-deportivas-2026-2027-en-mont-roig-del-camp-y-miami-platja-a-partir-del-14-de-septiembre\/#primaryimage","url":"https:\/\/mont-roig.cat\/wp-content\/uploads\/MM_ESPORTS_TARDOR26_META-scaled.png","contentUrl":"https:\/\/mont-roig.cat\/wp-content\/uploads\/MM_ESPORTS_TARDOR26_META-scaled.png","width":2048,"height":1072},{"@type":"BreadcrumbList","@id":"https:\/\/mont-roig.cat\/es\/actualitat\/noticies\/nueva-temporadade-actividades-deportivas-2026-2027-en-mont-roig-del-camp-y-miami-platja-a-partir-del-14-de-septiembre\/#breadcrumb","itemListElement":[{"@type":"ListItem","position":1,"name":"Inici","item":"https:\/\/mont-roig.cat\/es\/pagina-de-inicio\/"},{"@type":"ListItem","position":2,"name":"Nueva temporada de actividades deportivas 2026-2027 en Mont-roig del Camp y Miami Platja a partir del 14 de septiembre"}]},{"@type":"WebSite","@id":"https:\/\/mont-roig.cat\/es\/#website","url":"https:\/\/mont-roig.cat\/es\/","name":"Ajuntament de Mont-roig del Camp","description":"Tota la informaci\u00f3 sobre la instituci\u00f3, els seus \u00f2rgans de govern, actualitat, serveis i molt m\u00e9s.","potentialAction":[{"@type":"SearchAction","target":{"@type":"EntryPoint","urlTemplate":"https:\/\/mont-roig.cat\/es\/?s={search_term_string}"},"query-input":{"@type":"PropertyValueSpecification","valueRequired":true,"valueName":"search_term_string"}}],"inLanguage":"es"},{"@type":"Person","@id":"https:\/\/mont-roig.cat\/es\/#\/schema\/person\/1f73e7b5e6f9dd122e8a6f14f310ac5e","name":"comunicacio","image":{"@type":"ImageObject","inLanguage":"es","@id":"https:\/\/secure.gravatar.com\/avatar\/98944333e7a877670a64f8d10f0cb680ab2c9ebc4efc43945ef004b52b5ad28c?s=96&d=mm&r=g","url":"https:\/\/secure.gravatar.com\/avatar\/98944333e7a877670a64f8d10f0cb680ab2c9ebc4efc43945ef004b52b5ad28c?s=96&d=mm&r=g","contentUrl":"https:\/\/secure.gravatar.com\/avatar\/98944333e7a877670a64f8d10f0cb680ab2c9ebc4efc43945ef004b52b5ad28c?s=96&d=mm&r=g","caption":"comunicacio"},"url":"https:\/\/mont-roig.cat\/es\/actualitat\/noticies\/author\/comunicacio\/"}]}},"_links":{"self":[{"href":"https:\/\/mont-roig.cat\/es\/wp-json\/wp\/v2\/posts\/94940","targetHints":{"allow":["GET"]}}],"collection":[{"href":"https:\/\/mont-roig.cat\/es\/wp-json\/wp\/v2\/posts"}],"about":[{"href":"https:\/\/mont-roig.cat\/es\/wp-json\/wp\/v2\/types\/post"}],"author":[{"embeddable":true,"href":"https:\/\/mont-roig.cat\/es\/wp-json\/wp\/v2\/users\/13"}],"replies":[{"embeddable":true,"href":"https:\/\/mont-roig.cat\/es\/wp-json\/wp\/v2\/comments?post=94940"}],"version-history":[{"count":2,"href":"https:\/\/mont-roig.cat\/es\/wp-json\/wp\/v2\/posts\/94940\/revisions"}],"predecessor-version":[{"id":94942,"href":"https:\/\/mont-roig.cat\/es\/wp-json\/wp\/v2\/posts\/94940\/revisions\/94942"}],"wp:featuredmedia":[{"embeddable":true,"href":"https:\/\/mont-roig.cat\/es\/wp-json\/wp\/v2\/media\/94914"}],"wp:attachment":[{"href":"https:\/\/mont-roig.cat\/es\/wp-json\/wp\/v2\/media?parent=94940"}],"wp:term":[{"taxonomy":"category","embeddable":true,"href":"https:\/\/mont-roig.cat\/es\/wp-json\/wp\/v2\/categories?post=94940"},{"taxonomy":"post_tag","embeddable":true,"href":"https:\/\/mont-roig.cat\/es\/wp-json\/wp\/v2\/tags?post=94940"}],"curies":[{"name":"wp","href":"https:\/\/api.w.org\/{rel}","templated":true}]}}