{"id":94995,"date":"2026-09-03T11:19:06","date_gmt":"2026-09-03T09:19:06","guid":{"rendered":"https:\/\/mont-roig.cat\/actualitat\/noticies\/el-centre-cultural-esglesia-vella-de-mont-roig-del-camp-obre-la-temporada-dexposicions-amb-una-mostra-de-lartista-mariona-roige\/"},"modified":"2026-09-03T14:18:37","modified_gmt":"2026-09-03T12:18:37","slug":"el-centre-cultural-esglesia-vella-de-mont-roig-del-camp-abre-la-temporada-de-exposiciones-con-una-muestra-de-la-artista-mariona-roige","status":"publish","type":"post","link":"https:\/\/mont-roig.cat\/es\/actualitat\/noticies\/el-centre-cultural-esglesia-vella-de-mont-roig-del-camp-abre-la-temporada-de-exposiciones-con-una-muestra-de-la-artista-mariona-roige\/","title":{"rendered":"El Centre Cultural Esgl\u00e9sia Vella de Mont-roig del Camp abre la temporada de exposiciones con una muestra de la artista Mariona Roig\u00e9"},"content":{"rendered":"<p><strong data-start=\"248\" data-end=\"464\" data-is-last-node=\"\"><strong data-start=\"248\" data-end=\"464\" data-is-last-node=\"\"><a href=\"https:\/\/mont-roig.cat\/wp-content\/uploads\/Expo-Mariona-Roige_-IG_FB-feed_1080x1350-px-1.png\" target=\"_blank\" rel=\"noopener\"><img loading=\"lazy\" decoding=\"async\" class=\"alignright wp-image-94988\" src=\"https:\/\/mont-roig.cat\/wp-content\/uploads\/Expo-Mariona-Roige_-IG_FB-feed_1080x1350-px-1-400x500.png\" alt=\"\" width=\"281\" height=\"351\" srcset=\"https:\/\/mont-roig.cat\/wp-content\/uploads\/Expo-Mariona-Roige_-IG_FB-feed_1080x1350-px-1-400x500.png 400w, https:\/\/mont-roig.cat\/wp-content\/uploads\/Expo-Mariona-Roige_-IG_FB-feed_1080x1350-px-1-819x1024.png 819w, https:\/\/mont-roig.cat\/wp-content\/uploads\/Expo-Mariona-Roige_-IG_FB-feed_1080x1350-px-1-768x960.png 768w, https:\/\/mont-roig.cat\/wp-content\/uploads\/Expo-Mariona-Roige_-IG_FB-feed_1080x1350-px-1.png 1080w\" sizes=\"auto, (max-width: 281px) 100vw, 281px\" \/><\/a><\/strong><\/strong><\/p>\n<ul data-start=\"261\" data-end=\"457\">\n<li data-section-id=\"1eu1qjr\" data-start=\"261\" data-end=\"457\"><strong data-start=\"263\" data-end=\"457\">Del 10 al 27 de septiembre, Roig\u00e9 presenta una exposici\u00f3n de tapiz contempor\u00e1neo que reivindica la memoria republicana y da visibilidad a las vivencias de las mujeres durante la Guerra Civil<\/strong><\/li>\n<\/ul>\n<p data-start=\"459\" data-end=\"789\">El Centre Cultural Esgl\u00e9sia Vella de Mont-roig del Camp inaugura la nueva temporada de exposiciones con <em data-start=\"563\" data-end=\"611\">Teixint mem\u00f2ria i el paradigma de la llibertat<\/em>, de la artista Mariona Roig\u00e9 Salvad\u00f3. La inauguraci\u00f3n tendr\u00e1 lugar el jueves 10 de septiembre, a las 19.00 h, y la exposici\u00f3n se podr\u00e1 visitar hasta el 27 de septiembre de 2026.<\/p>\n<p data-start=\"791\" data-end=\"1263\">La propuesta art\u00edstica de Roig\u00e9 nace de la necesidad de dar forma y materia a una memoria que reclama ser transmitida. A partir de la lectura de una novela documental sobre las Brigadistas Internacionales, la artista desarrolla un proyecto que reconstruye la memoria republicana a trav\u00e9s del di\u00e1logo con la materia, poniendo el foco en las vivencias de mujeres y hombres durante la Guerra Civil: milicianas, maestras, intelectuales y personas resistentes de la retaguardia.<\/p>\n<p data-start=\"1265\" data-end=\"1590\">En esta exposici\u00f3n, el tejer se convierte en un acto de memoria y tambi\u00e9n en un gesto de resistencia ante el olvido. Las cuerdas y los materiales textiles se transforman en trazos, formas y vol\u00famenes mediante la t\u00e9cnica del sobreteixim, una manera de crear que permite a la artista \u00abpintar\u00bb y \u00abdibujar\u00bb con la propia materia.<\/p>\n<p data-start=\"1592\" data-end=\"1631\"><strong data-start=\"1592\" data-end=\"1631\">Una artista vinculada al territorio<\/strong><\/p>\n<p data-start=\"1633\" data-end=\"1844\">Mariona Roig\u00e9 Salvad\u00f3 (Botarell, 1997) es una artista multidisciplinar formada en la Escola d\u2019Art Llotja de Barcelona y en la Escola d\u2019Art de Tarragona, donde se especializ\u00f3 en Arte Mural y T\u00e9cniques Pict\u00f3ricas.<\/p>\n<p data-start=\"1846\" data-end=\"2540\">Despu\u00e9s de una etapa profesional vinculada al sector cinematogr\u00e1fico y audiovisual, hace cinco a\u00f1os regres\u00f3 al territorio para profundizar en su trayectoria art\u00edstica. Desde entonces, ha centrado buena parte de su producci\u00f3n en el arte textil y el tapiz contempor\u00e1neo, evolucionando hacia la t\u00e9cnica del sobreteixim. Su obra bebe de referentes como Magdalena Abakanowicz, Josep Royo y Jacqueline Surdell. Durante estos a\u00f1os tambi\u00e9n ha formado parte de la Secci\u00f3 d\u2019Art del Cerap de Riudoms. Actualmente, compagina su producci\u00f3n art\u00edstica con su trabajo en el equipo de producci\u00f3n de la Sala Trono de Tarragona, manteniendo el v\u00ednculo con la gesti\u00f3n cultural y las artes esc\u00e9nicas del territorio.<\/p>\n<p data-start=\"2542\" data-end=\"2761\">Con esta exposici\u00f3n, el Centre Cultural Esgl\u00e9sia Vella da el pistoletazo de salida a una nueva temporada de exposiciones que pone en valor la creaci\u00f3n art\u00edstica contempor\u00e1nea y el di\u00e1logo con la memoria y el patrimonio.<\/p>\n<p data-start=\"2763\" data-end=\"3005\"><strong data-start=\"2763\" data-end=\"2779\">Inauguraci\u00f3n<\/strong>: 10 de septiembre, a las 19.00 h<br data-start=\"2812\" data-end=\"2815\" \/><strong data-start=\"2815\" data-end=\"2829\">Exposici\u00f3n<\/strong>: del 10 al 27 de septiembre de 2026<br data-start=\"2865\" data-end=\"2868\" \/><strong data-start=\"2868\" data-end=\"2877\">Lugar<\/strong>: Centre Cultural Esgl\u00e9sia Vella de Mont-roig del Camp<br data-start=\"2931\" data-end=\"2934\" \/><strong data-start=\"2934\" data-end=\"2958\">Acto de inauguraci\u00f3n<\/strong>: performance-concierto con L\u00eddia Papio y Teko.<\/p>\n","protected":false},"excerpt":{"rendered":"<p>Del 10 al 27 de septiembre, Roig\u00e9 presenta una exposici\u00f3n de tapiz contempor\u00e1neo que reivindica la memoria republicana y da visibilidad a las vivencias de las mujeres durante la Guerra Civil El Centre Cultural Esgl\u00e9sia Vella de Mont-roig del Camp inaugura la nueva temporada de exposiciones con Teixint mem\u00f2ria i el paradigma de la llibertat, [&hellip;]<\/p>\n","protected":false},"author":13,"featured_media":94992,"comment_status":"closed","ping_status":"closed","sticky":false,"template":"","format":"standard","meta":{"inline_featured_image":false,"_monsterinsights_skip_tracking":false,"footnotes":""},"categories":[98,101],"tags":[],"class_list":["post-94995","post","type-post","status-publish","format-standard","has-post-thumbnail","hentry","category-ayuntamiento","category-cultura-es"],"yoast_head":"<!-- This site is optimized with the Yoast SEO plugin v28.2 - https:\/\/yoast.com\/product\/yoast-seo-wordpress\/ -->\n<title>El Centre Cultural Esgl\u00e9sia Vella de Mont-roig del Camp abre la temporada de exposiciones con una muestra de la artista Mariona Roig\u00e9 - Ajuntament de Mont-roig del Camp<\/title>\n<meta name=\"robots\" content=\"index, follow, max-snippet:-1, max-image-preview:large, max-video-preview:-1\" \/>\n<link rel=\"canonical\" href=\"https:\/\/mont-roig.cat\/es\/actualitat\/noticies\/el-centre-cultural-esglesia-vella-de-mont-roig-del-camp-abre-la-temporada-de-exposiciones-con-una-muestra-de-la-artista-mariona-roige\/\" \/>\n<meta property=\"og:locale\" content=\"es_ES\" \/>\n<meta property=\"og:type\" content=\"article\" \/>\n<meta property=\"og:title\" content=\"El Centre Cultural Esgl\u00e9sia Vella de Mont-roig del Camp abre la temporada de exposiciones con una muestra de la artista Mariona Roig\u00e9 - Ajuntament de Mont-roig del Camp\" \/>\n<meta property=\"og:description\" content=\"Del 10 al 27 de septiembre, Roig\u00e9 presenta una exposici\u00f3n de tapiz contempor\u00e1neo que reivindica la memoria republicana y da visibilidad a las vivencias de las mujeres durante la Guerra Civil El Centre Cultural Esgl\u00e9sia Vella de Mont-roig del Camp inaugura la nueva temporada de exposiciones con Teixint mem\u00f2ria i el paradigma de la llibertat, [&hellip;]\" \/>\n<meta property=\"og:url\" content=\"https:\/\/mont-roig.cat\/es\/actualitat\/noticies\/el-centre-cultural-esglesia-vella-de-mont-roig-del-camp-abre-la-temporada-de-exposiciones-con-una-muestra-de-la-artista-mariona-roige\/\" \/>\n<meta property=\"og:site_name\" content=\"Ajuntament de Mont-roig del Camp\" \/>\n<meta property=\"article:published_time\" content=\"2026-09-03T09:19:06+00:00\" \/>\n<meta property=\"article:modified_time\" content=\"2026-09-03T12:18:37+00:00\" \/>\n<meta property=\"og:image\" content=\"https:\/\/mont-roig.cat\/wp-content\/uploads\/Expo-Mariona-Roige_-IG_FB-feed_1080x1350-px-1.png\" \/>\n\t<meta property=\"og:image:width\" content=\"1080\" \/>\n\t<meta property=\"og:image:height\" content=\"1350\" \/>\n\t<meta property=\"og:image:type\" content=\"image\/png\" \/>\n<meta name=\"author\" content=\"comunicacio\" \/>\n<meta name=\"twitter:card\" content=\"summary_large_image\" \/>\n<meta name=\"twitter:label1\" content=\"Escrito por\" \/>\n\t<meta name=\"twitter:data1\" content=\"comunicacio\" \/>\n\t<meta name=\"twitter:label2\" content=\"Tiempo de lectura\" \/>\n\t<meta name=\"twitter:data2\" content=\"3 minutos\" \/>\n<script type=\"application\/ld+json\" class=\"yoast-schema-graph\">{\"@context\":\"https:\\\/\\\/schema.org\",\"@graph\":[{\"@type\":\"Article\",\"@id\":\"https:\\\/\\\/mont-roig.cat\\\/es\\\/actualitat\\\/noticies\\\/el-centre-cultural-esglesia-vella-de-mont-roig-del-camp-abre-la-temporada-de-exposiciones-con-una-muestra-de-la-artista-mariona-roige\\\/#article\",\"isPartOf\":{\"@id\":\"https:\\\/\\\/mont-roig.cat\\\/es\\\/actualitat\\\/noticies\\\/el-centre-cultural-esglesia-vella-de-mont-roig-del-camp-abre-la-temporada-de-exposiciones-con-una-muestra-de-la-artista-mariona-roige\\\/\"},\"author\":{\"name\":\"comunicacio\",\"@id\":\"https:\\\/\\\/mont-roig.cat\\\/es\\\/#\\\/schema\\\/person\\\/1f73e7b5e6f9dd122e8a6f14f310ac5e\"},\"headline\":\"El Centre Cultural Esgl\u00e9sia Vella de Mont-roig del Camp abre la temporada de exposiciones con una muestra de la artista Mariona Roig\u00e9\",\"datePublished\":\"2026-09-03T09:19:06+00:00\",\"dateModified\":\"2026-09-03T12:18:37+00:00\",\"mainEntityOfPage\":{\"@id\":\"https:\\\/\\\/mont-roig.cat\\\/es\\\/actualitat\\\/noticies\\\/el-centre-cultural-esglesia-vella-de-mont-roig-del-camp-abre-la-temporada-de-exposiciones-con-una-muestra-de-la-artista-mariona-roige\\\/\"},\"wordCount\":487,\"image\":{\"@id\":\"https:\\\/\\\/mont-roig.cat\\\/es\\\/actualitat\\\/noticies\\\/el-centre-cultural-esglesia-vella-de-mont-roig-del-camp-abre-la-temporada-de-exposiciones-con-una-muestra-de-la-artista-mariona-roige\\\/#primaryimage\"},\"thumbnailUrl\":\"https:\\\/\\\/mont-roig.cat\\\/wp-content\\\/uploads\\\/Expo-Mariona-Roige_-IG_FB-feed_1080x1350-px-1.png\",\"articleSection\":[\"Ayuntamiento\",\"Cultura\"],\"inLanguage\":\"es\"},{\"@type\":\"WebPage\",\"@id\":\"https:\\\/\\\/mont-roig.cat\\\/es\\\/actualitat\\\/noticies\\\/el-centre-cultural-esglesia-vella-de-mont-roig-del-camp-abre-la-temporada-de-exposiciones-con-una-muestra-de-la-artista-mariona-roige\\\/\",\"url\":\"https:\\\/\\\/mont-roig.cat\\\/es\\\/actualitat\\\/noticies\\\/el-centre-cultural-esglesia-vella-de-mont-roig-del-camp-abre-la-temporada-de-exposiciones-con-una-muestra-de-la-artista-mariona-roige\\\/\",\"name\":\"El Centre Cultural Esgl\u00e9sia Vella de Mont-roig del Camp abre la temporada de exposiciones con una muestra de la artista Mariona Roig\u00e9 - Ajuntament de Mont-roig del Camp\",\"isPartOf\":{\"@id\":\"https:\\\/\\\/mont-roig.cat\\\/es\\\/#website\"},\"primaryImageOfPage\":{\"@id\":\"https:\\\/\\\/mont-roig.cat\\\/es\\\/actualitat\\\/noticies\\\/el-centre-cultural-esglesia-vella-de-mont-roig-del-camp-abre-la-temporada-de-exposiciones-con-una-muestra-de-la-artista-mariona-roige\\\/#primaryimage\"},\"image\":{\"@id\":\"https:\\\/\\\/mont-roig.cat\\\/es\\\/actualitat\\\/noticies\\\/el-centre-cultural-esglesia-vella-de-mont-roig-del-camp-abre-la-temporada-de-exposiciones-con-una-muestra-de-la-artista-mariona-roige\\\/#primaryimage\"},\"thumbnailUrl\":\"https:\\\/\\\/mont-roig.cat\\\/wp-content\\\/uploads\\\/Expo-Mariona-Roige_-IG_FB-feed_1080x1350-px-1.png\",\"datePublished\":\"2026-09-03T09:19:06+00:00\",\"dateModified\":\"2026-09-03T12:18:37+00:00\",\"author\":{\"@id\":\"https:\\\/\\\/mont-roig.cat\\\/es\\\/#\\\/schema\\\/person\\\/1f73e7b5e6f9dd122e8a6f14f310ac5e\"},\"breadcrumb\":{\"@id\":\"https:\\\/\\\/mont-roig.cat\\\/es\\\/actualitat\\\/noticies\\\/el-centre-cultural-esglesia-vella-de-mont-roig-del-camp-abre-la-temporada-de-exposiciones-con-una-muestra-de-la-artista-mariona-roige\\\/#breadcrumb\"},\"inLanguage\":\"es\",\"potentialAction\":[{\"@type\":\"ReadAction\",\"target\":[\"https:\\\/\\\/mont-roig.cat\\\/es\\\/actualitat\\\/noticies\\\/el-centre-cultural-esglesia-vella-de-mont-roig-del-camp-abre-la-temporada-de-exposiciones-con-una-muestra-de-la-artista-mariona-roige\\\/\"]}]},{\"@type\":\"ImageObject\",\"inLanguage\":\"es\",\"@id\":\"https:\\\/\\\/mont-roig.cat\\\/es\\\/actualitat\\\/noticies\\\/el-centre-cultural-esglesia-vella-de-mont-roig-del-camp-abre-la-temporada-de-exposiciones-con-una-muestra-de-la-artista-mariona-roige\\\/#primaryimage\",\"url\":\"https:\\\/\\\/mont-roig.cat\\\/wp-content\\\/uploads\\\/Expo-Mariona-Roige_-IG_FB-feed_1080x1350-px-1.png\",\"contentUrl\":\"https:\\\/\\\/mont-roig.cat\\\/wp-content\\\/uploads\\\/Expo-Mariona-Roige_-IG_FB-feed_1080x1350-px-1.png\",\"width\":1080,\"height\":1350},{\"@type\":\"BreadcrumbList\",\"@id\":\"https:\\\/\\\/mont-roig.cat\\\/es\\\/actualitat\\\/noticies\\\/el-centre-cultural-esglesia-vella-de-mont-roig-del-camp-abre-la-temporada-de-exposiciones-con-una-muestra-de-la-artista-mariona-roige\\\/#breadcrumb\",\"itemListElement\":[{\"@type\":\"ListItem\",\"position\":1,\"name\":\"Inici\",\"item\":\"https:\\\/\\\/mont-roig.cat\\\/es\\\/pagina-de-inicio\\\/\"},{\"@type\":\"ListItem\",\"position\":2,\"name\":\"El Centre Cultural Esgl\u00e9sia Vella de Mont-roig del Camp abre la temporada de exposiciones con una muestra de la artista Mariona Roig\u00e9\"}]},{\"@type\":\"WebSite\",\"@id\":\"https:\\\/\\\/mont-roig.cat\\\/es\\\/#website\",\"url\":\"https:\\\/\\\/mont-roig.cat\\\/es\\\/\",\"name\":\"Ajuntament de Mont-roig del Camp\",\"description\":\"Tota la informaci\u00f3 sobre la instituci\u00f3, els seus \u00f2rgans de govern, actualitat, serveis i molt m\u00e9s.\",\"potentialAction\":[{\"@type\":\"SearchAction\",\"target\":{\"@type\":\"EntryPoint\",\"urlTemplate\":\"https:\\\/\\\/mont-roig.cat\\\/es\\\/?s={search_term_string}\"},\"query-input\":{\"@type\":\"PropertyValueSpecification\",\"valueRequired\":true,\"valueName\":\"search_term_string\"}}],\"inLanguage\":\"es\"},{\"@type\":\"Person\",\"@id\":\"https:\\\/\\\/mont-roig.cat\\\/es\\\/#\\\/schema\\\/person\\\/1f73e7b5e6f9dd122e8a6f14f310ac5e\",\"name\":\"comunicacio\",\"image\":{\"@type\":\"ImageObject\",\"inLanguage\":\"es\",\"@id\":\"https:\\\/\\\/secure.gravatar.com\\\/avatar\\\/98944333e7a877670a64f8d10f0cb680ab2c9ebc4efc43945ef004b52b5ad28c?s=96&d=mm&r=g\",\"url\":\"https:\\\/\\\/secure.gravatar.com\\\/avatar\\\/98944333e7a877670a64f8d10f0cb680ab2c9ebc4efc43945ef004b52b5ad28c?s=96&d=mm&r=g\",\"contentUrl\":\"https:\\\/\\\/secure.gravatar.com\\\/avatar\\\/98944333e7a877670a64f8d10f0cb680ab2c9ebc4efc43945ef004b52b5ad28c?s=96&d=mm&r=g\",\"caption\":\"comunicacio\"},\"url\":\"https:\\\/\\\/mont-roig.cat\\\/es\\\/actualitat\\\/noticies\\\/author\\\/comunicacio\\\/\"}]}<\/script>\n<!-- \/ Yoast SEO plugin. -->","yoast_head_json":{"title":"El Centre Cultural Esgl\u00e9sia Vella de Mont-roig del Camp abre la temporada de exposiciones con una muestra de la artista Mariona Roig\u00e9 - Ajuntament de Mont-roig del Camp","robots":{"index":"index","follow":"follow","max-snippet":"max-snippet:-1","max-image-preview":"max-image-preview:large","max-video-preview":"max-video-preview:-1"},"canonical":"https:\/\/mont-roig.cat\/es\/actualitat\/noticies\/el-centre-cultural-esglesia-vella-de-mont-roig-del-camp-abre-la-temporada-de-exposiciones-con-una-muestra-de-la-artista-mariona-roige\/","og_locale":"es_ES","og_type":"article","og_title":"El Centre Cultural Esgl\u00e9sia Vella de Mont-roig del Camp abre la temporada de exposiciones con una muestra de la artista Mariona Roig\u00e9 - Ajuntament de Mont-roig del Camp","og_description":"Del 10 al 27 de septiembre, Roig\u00e9 presenta una exposici\u00f3n de tapiz contempor\u00e1neo que reivindica la memoria republicana y da visibilidad a las vivencias de las mujeres durante la Guerra Civil El Centre Cultural Esgl\u00e9sia Vella de Mont-roig del Camp inaugura la nueva temporada de exposiciones con Teixint mem\u00f2ria i el paradigma de la llibertat, [&hellip;]","og_url":"https:\/\/mont-roig.cat\/es\/actualitat\/noticies\/el-centre-cultural-esglesia-vella-de-mont-roig-del-camp-abre-la-temporada-de-exposiciones-con-una-muestra-de-la-artista-mariona-roige\/","og_site_name":"Ajuntament de Mont-roig del Camp","article_published_time":"2026-09-03T09:19:06+00:00","article_modified_time":"2026-09-03T12:18:37+00:00","og_image":[{"width":1080,"height":1350,"url":"https:\/\/mont-roig.cat\/wp-content\/uploads\/Expo-Mariona-Roige_-IG_FB-feed_1080x1350-px-1.png","type":"image\/png"}],"author":"comunicacio","twitter_card":"summary_large_image","twitter_misc":{"Escrito por":"comunicacio","Tiempo de lectura":"3 minutos"},"schema":{"@context":"https:\/\/schema.org","@graph":[{"@type":"Article","@id":"https:\/\/mont-roig.cat\/es\/actualitat\/noticies\/el-centre-cultural-esglesia-vella-de-mont-roig-del-camp-abre-la-temporada-de-exposiciones-con-una-muestra-de-la-artista-mariona-roige\/#article","isPartOf":{"@id":"https:\/\/mont-roig.cat\/es\/actualitat\/noticies\/el-centre-cultural-esglesia-vella-de-mont-roig-del-camp-abre-la-temporada-de-exposiciones-con-una-muestra-de-la-artista-mariona-roige\/"},"author":{"name":"comunicacio","@id":"https:\/\/mont-roig.cat\/es\/#\/schema\/person\/1f73e7b5e6f9dd122e8a6f14f310ac5e"},"headline":"El Centre Cultural Esgl\u00e9sia Vella de Mont-roig del Camp abre la temporada de exposiciones con una muestra de la artista Mariona Roig\u00e9","datePublished":"2026-09-03T09:19:06+00:00","dateModified":"2026-09-03T12:18:37+00:00","mainEntityOfPage":{"@id":"https:\/\/mont-roig.cat\/es\/actualitat\/noticies\/el-centre-cultural-esglesia-vella-de-mont-roig-del-camp-abre-la-temporada-de-exposiciones-con-una-muestra-de-la-artista-mariona-roige\/"},"wordCount":487,"image":{"@id":"https:\/\/mont-roig.cat\/es\/actualitat\/noticies\/el-centre-cultural-esglesia-vella-de-mont-roig-del-camp-abre-la-temporada-de-exposiciones-con-una-muestra-de-la-artista-mariona-roige\/#primaryimage"},"thumbnailUrl":"https:\/\/mont-roig.cat\/wp-content\/uploads\/Expo-Mariona-Roige_-IG_FB-feed_1080x1350-px-1.png","articleSection":["Ayuntamiento","Cultura"],"inLanguage":"es"},{"@type":"WebPage","@id":"https:\/\/mont-roig.cat\/es\/actualitat\/noticies\/el-centre-cultural-esglesia-vella-de-mont-roig-del-camp-abre-la-temporada-de-exposiciones-con-una-muestra-de-la-artista-mariona-roige\/","url":"https:\/\/mont-roig.cat\/es\/actualitat\/noticies\/el-centre-cultural-esglesia-vella-de-mont-roig-del-camp-abre-la-temporada-de-exposiciones-con-una-muestra-de-la-artista-mariona-roige\/","name":"El Centre Cultural Esgl\u00e9sia Vella de Mont-roig del Camp abre la temporada de exposiciones con una muestra de la artista Mariona Roig\u00e9 - Ajuntament de Mont-roig del Camp","isPartOf":{"@id":"https:\/\/mont-roig.cat\/es\/#website"},"primaryImageOfPage":{"@id":"https:\/\/mont-roig.cat\/es\/actualitat\/noticies\/el-centre-cultural-esglesia-vella-de-mont-roig-del-camp-abre-la-temporada-de-exposiciones-con-una-muestra-de-la-artista-mariona-roige\/#primaryimage"},"image":{"@id":"https:\/\/mont-roig.cat\/es\/actualitat\/noticies\/el-centre-cultural-esglesia-vella-de-mont-roig-del-camp-abre-la-temporada-de-exposiciones-con-una-muestra-de-la-artista-mariona-roige\/#primaryimage"},"thumbnailUrl":"https:\/\/mont-roig.cat\/wp-content\/uploads\/Expo-Mariona-Roige_-IG_FB-feed_1080x1350-px-1.png","datePublished":"2026-09-03T09:19:06+00:00","dateModified":"2026-09-03T12:18:37+00:00","author":{"@id":"https:\/\/mont-roig.cat\/es\/#\/schema\/person\/1f73e7b5e6f9dd122e8a6f14f310ac5e"},"breadcrumb":{"@id":"https:\/\/mont-roig.cat\/es\/actualitat\/noticies\/el-centre-cultural-esglesia-vella-de-mont-roig-del-camp-abre-la-temporada-de-exposiciones-con-una-muestra-de-la-artista-mariona-roige\/#breadcrumb"},"inLanguage":"es","potentialAction":[{"@type":"ReadAction","target":["https:\/\/mont-roig.cat\/es\/actualitat\/noticies\/el-centre-cultural-esglesia-vella-de-mont-roig-del-camp-abre-la-temporada-de-exposiciones-con-una-muestra-de-la-artista-mariona-roige\/"]}]},{"@type":"ImageObject","inLanguage":"es","@id":"https:\/\/mont-roig.cat\/es\/actualitat\/noticies\/el-centre-cultural-esglesia-vella-de-mont-roig-del-camp-abre-la-temporada-de-exposiciones-con-una-muestra-de-la-artista-mariona-roige\/#primaryimage","url":"https:\/\/mont-roig.cat\/wp-content\/uploads\/Expo-Mariona-Roige_-IG_FB-feed_1080x1350-px-1.png","contentUrl":"https:\/\/mont-roig.cat\/wp-content\/uploads\/Expo-Mariona-Roige_-IG_FB-feed_1080x1350-px-1.png","width":1080,"height":1350},{"@type":"BreadcrumbList","@id":"https:\/\/mont-roig.cat\/es\/actualitat\/noticies\/el-centre-cultural-esglesia-vella-de-mont-roig-del-camp-abre-la-temporada-de-exposiciones-con-una-muestra-de-la-artista-mariona-roige\/#breadcrumb","itemListElement":[{"@type":"ListItem","position":1,"name":"Inici","item":"https:\/\/mont-roig.cat\/es\/pagina-de-inicio\/"},{"@type":"ListItem","position":2,"name":"El Centre Cultural Esgl\u00e9sia Vella de Mont-roig del Camp abre la temporada de exposiciones con una muestra de la artista Mariona Roig\u00e9"}]},{"@type":"WebSite","@id":"https:\/\/mont-roig.cat\/es\/#website","url":"https:\/\/mont-roig.cat\/es\/","name":"Ajuntament de Mont-roig del Camp","description":"Tota la informaci\u00f3 sobre la instituci\u00f3, els seus \u00f2rgans de govern, actualitat, serveis i molt m\u00e9s.","potentialAction":[{"@type":"SearchAction","target":{"@type":"EntryPoint","urlTemplate":"https:\/\/mont-roig.cat\/es\/?s={search_term_string}"},"query-input":{"@type":"PropertyValueSpecification","valueRequired":true,"valueName":"search_term_string"}}],"inLanguage":"es"},{"@type":"Person","@id":"https:\/\/mont-roig.cat\/es\/#\/schema\/person\/1f73e7b5e6f9dd122e8a6f14f310ac5e","name":"comunicacio","image":{"@type":"ImageObject","inLanguage":"es","@id":"https:\/\/secure.gravatar.com\/avatar\/98944333e7a877670a64f8d10f0cb680ab2c9ebc4efc43945ef004b52b5ad28c?s=96&d=mm&r=g","url":"https:\/\/secure.gravatar.com\/avatar\/98944333e7a877670a64f8d10f0cb680ab2c9ebc4efc43945ef004b52b5ad28c?s=96&d=mm&r=g","contentUrl":"https:\/\/secure.gravatar.com\/avatar\/98944333e7a877670a64f8d10f0cb680ab2c9ebc4efc43945ef004b52b5ad28c?s=96&d=mm&r=g","caption":"comunicacio"},"url":"https:\/\/mont-roig.cat\/es\/actualitat\/noticies\/author\/comunicacio\/"}]}},"_links":{"self":[{"href":"https:\/\/mont-roig.cat\/es\/wp-json\/wp\/v2\/posts\/94995","targetHints":{"allow":["GET"]}}],"collection":[{"href":"https:\/\/mont-roig.cat\/es\/wp-json\/wp\/v2\/posts"}],"about":[{"href":"https:\/\/mont-roig.cat\/es\/wp-json\/wp\/v2\/types\/post"}],"author":[{"embeddable":true,"href":"https:\/\/mont-roig.cat\/es\/wp-json\/wp\/v2\/users\/13"}],"replies":[{"embeddable":true,"href":"https:\/\/mont-roig.cat\/es\/wp-json\/wp\/v2\/comments?post=94995"}],"version-history":[{"count":2,"href":"https:\/\/mont-roig.cat\/es\/wp-json\/wp\/v2\/posts\/94995\/revisions"}],"predecessor-version":[{"id":94999,"href":"https:\/\/mont-roig.cat\/es\/wp-json\/wp\/v2\/posts\/94995\/revisions\/94999"}],"wp:featuredmedia":[{"embeddable":true,"href":"https:\/\/mont-roig.cat\/es\/wp-json\/wp\/v2\/media\/94992"}],"wp:attachment":[{"href":"https:\/\/mont-roig.cat\/es\/wp-json\/wp\/v2\/media?parent=94995"}],"wp:term":[{"taxonomy":"category","embeddable":true,"href":"https:\/\/mont-roig.cat\/es\/wp-json\/wp\/v2\/categories?post=94995"},{"taxonomy":"post_tag","embeddable":true,"href":"https:\/\/mont-roig.cat\/es\/wp-json\/wp\/v2\/tags?post=94995"}],"curies":[{"name":"wp","href":"https:\/\/api.w.org\/{rel}","templated":true}]}}