{"id":95040,"date":"2026-09-04T14:42:45","date_gmt":"2026-09-04T12:42:45","guid":{"rendered":"https:\/\/mont-roig.cat\/actualitat\/noticies\/aquest-dilluns-es-posen-a-la-venda-les-entrades-per-al-festiquel-que-se-celebrara-el-26-de-setembre-amb-les-actuacions-de-la-nit-del-canet-i-els-catarres\/"},"modified":"2026-09-04T14:50:48","modified_gmt":"2026-09-04T12:50:48","slug":"este-lunes-salen-a-la-venta-las-entradas-para-el-festiquel-que-se-celebrara-el-26-de-septiembre-con-las-actuaciones-de-la-nit-del-canet-y-els-catarres","status":"publish","type":"post","link":"https:\/\/mont-roig.cat\/es\/actualitat\/noticies\/este-lunes-salen-a-la-venta-las-entradas-para-el-festiquel-que-se-celebrara-el-26-de-septiembre-con-las-actuaciones-de-la-nit-del-canet-y-els-catarres\/","title":{"rendered":"Este lunes salen a la venta las entradas para el FESTIQUEL, que se celebrar\u00e1 el 26 de septiembre con las actuaciones de La Nit del Canet y Els Catarres"},"content":{"rendered":"<ul data-spread=\"false\">\n<li><strong><a href=\"https:\/\/mont-roig.cat\/wp-content\/uploads\/FESTIQUEL-2026-3-scaled.jpg\"><img loading=\"lazy\" decoding=\"async\" class=\"alignright wp-image-95042\" src=\"https:\/\/mont-roig.cat\/wp-content\/uploads\/FESTIQUEL-2026-3-353x500.jpg\" alt=\"\" width=\"299\" height=\"424\" srcset=\"https:\/\/mont-roig.cat\/wp-content\/uploads\/FESTIQUEL-2026-3-353x500.jpg 353w, https:\/\/mont-roig.cat\/wp-content\/uploads\/FESTIQUEL-2026-3-724x1024.jpg 724w, https:\/\/mont-roig.cat\/wp-content\/uploads\/FESTIQUEL-2026-3-768x1086.jpg 768w, https:\/\/mont-roig.cat\/wp-content\/uploads\/FESTIQUEL-2026-3-1086x1536.jpg 1086w, https:\/\/mont-roig.cat\/wp-content\/uploads\/FESTIQUEL-2026-3-scaled.jpg 1448w\" sizes=\"auto, (max-width: 299px) 100vw, 299px\" \/><\/a>Las entradas anticipadas, a 8 euros, se podr\u00e1n adquirir en las oficinas municipales de Turismo y a trav\u00e9s de la plataforma e\u00c0gora<\/strong><\/li>\n<li><strong>El festival tendr\u00e1 lugar en el patio de la Escola Mare de D\u00e9u de la Roca y tambi\u00e9n contar\u00e1 con la sesi\u00f3n de DJ Jordy Rib\u00e9<\/strong><\/li>\n<\/ul>\n<p class=\"isSelectedEnd\">El Ayuntamiento de Mont-roig del Camp ya lo tiene todo a punto para la celebraci\u00f3n del FESTIQUEL, el festival de m\u00fasica de referencia del municipio, que tendr\u00e1 lugar el pr\u00f3ximo s\u00e1bado 26 de septiembre a partir de las 23 h, coincidiendo con la celebraci\u00f3n de la Festa Major de Mont-roig del Camp. El patio de la Escola Mare de D\u00e9u de la Roca acoger\u00e1 una noche de m\u00fasica en directo y fiesta, con un cartel que cuenta con las actuaciones de La Nit del Canet (23.30 h) y del reconocido grupo Els Catarres (01.00 h). La velada continuar\u00e1 despu\u00e9s con la sesi\u00f3n de DJ Jordy Rib\u00e9. Las puertas se abrir\u00e1n a las 22 h y el recinto contar\u00e1 con servicio de bar y foodtrucks.<\/p>\n<p class=\"isSelectedEnd\">Las entradas anticipadas tienen un precio de 8 euros y se podr\u00e1n adquirir del 7 al 25 de septiembre en las oficinas municipales de Turismo de Mont-roig del Camp y Miami Platja, as\u00ed como a trav\u00e9s de la plataforma <a href=\"https:\/\/web.eagora.app\/a\/mont-roig-del-camp-i-miami-platja\/details\/01M1NWT1TEER8EVZXC9QV27K65\/la-nit-del-canet-catarres-i-djs-jordy-ribe\" target=\"_blank\" rel=\"noopener\">e\u00c0gora<\/a>.<\/p>\n<p class=\"isSelectedEnd\">El d\u00eda del festival, 26 de septiembre, las entradas se podr\u00e1n comprar en taquilla por 12 euros, a partir de las 21.30 h.<\/p>\n<p class=\"isSelectedEnd\">Los puntos de venta anticipada son:<\/p>\n<ul data-spread=\"false\">\n<li>Centre Cultural Esgl\u00e9sia Vella, en Mont-roig del Camp.<\/li>\n<li>Oficina de Turisme L\u2019Esfera, en Miami Platja.<\/li>\n<\/ul>\n<p class=\"isSelectedEnd\">El horario de venta f\u00edsica es el siguiente:<\/p>\n<ul data-spread=\"false\">\n<li>De lunes a s\u00e1bado: de 10:00 h a 14:00 h y de 17:00 h a 20:00 h.<\/li>\n<li>Domingo: de 10:00 h a 14:00 h.<\/li>\n<\/ul>\n<p class=\"isSelectedEnd\"><strong>Entrada menores de 16 a\u00f1os<\/strong><\/p>\n<p class=\"isSelectedEnd\">Por otro lado, todos los menores de 16 a\u00f1os deber\u00e1n acceder al recinto acompa\u00f1ados de su padre o madre o tutor legal y con la hoja acreditativa impresa, que se puede descargar en:<\/p>\n<p class=\"isSelectedEnd\"><a href=\"https:\/\/mont-roig.cat\/lajuntament\/arees\/festes\/sant-miquel\/\" data-rich-text-autolink=\"\">https:\/\/mont-roig.cat\/lajuntament\/arees\/festes\/sant-miquel\/<\/a><\/p>\n<p>El programa completo de la Festa Major de Sant Miquel de Mont-roig del Camp se dar\u00e1 a conocer en los pr\u00f3ximos d\u00edas.<\/p>\n<p>&nbsp;<\/p>\n<p>&nbsp;<\/p>\n","protected":false},"excerpt":{"rendered":"<p>Las entradas anticipadas, a 8 euros, se podr\u00e1n adquirir en las oficinas municipales de Turismo y a trav\u00e9s de la plataforma e\u00c0gora El festival tendr\u00e1 lugar en el patio de la Escola Mare de D\u00e9u de la Roca y tambi\u00e9n contar\u00e1 con la sesi\u00f3n de DJ Jordy Rib\u00e9 El Ayuntamiento de Mont-roig del Camp ya [&hellip;]<\/p>\n","protected":false},"author":13,"featured_media":95038,"comment_status":"closed","ping_status":"closed","sticky":false,"template":"","format":"standard","meta":{"inline_featured_image":false,"_monsterinsights_skip_tracking":false,"footnotes":""},"categories":[105,71],"tags":[],"class_list":["post-95040","post","type-post","status-publish","format-standard","has-post-thumbnail","hentry","category-fiestas","category-general-es"],"yoast_head":"<!-- This site is optimized with the Yoast SEO plugin v28.2 - https:\/\/yoast.com\/product\/yoast-seo-wordpress\/ -->\n<title>Este lunes salen a la venta las entradas para el FESTIQUEL, que se celebrar\u00e1 el 26 de septiembre con las actuaciones de La Nit del Canet y Els Catarres - Ajuntament de Mont-roig del Camp<\/title>\n<meta name=\"robots\" content=\"index, follow, max-snippet:-1, max-image-preview:large, max-video-preview:-1\" \/>\n<link rel=\"canonical\" href=\"https:\/\/mont-roig.cat\/es\/actualitat\/noticies\/este-lunes-salen-a-la-venta-las-entradas-para-el-festiquel-que-se-celebrara-el-26-de-septiembre-con-las-actuaciones-de-la-nit-del-canet-y-els-catarres\/\" \/>\n<meta property=\"og:locale\" content=\"es_ES\" \/>\n<meta property=\"og:type\" content=\"article\" \/>\n<meta property=\"og:title\" content=\"Este lunes salen a la venta las entradas para el FESTIQUEL, que se celebrar\u00e1 el 26 de septiembre con las actuaciones de La Nit del Canet y Els Catarres - Ajuntament de Mont-roig del Camp\" \/>\n<meta property=\"og:description\" content=\"Las entradas anticipadas, a 8 euros, se podr\u00e1n adquirir en las oficinas municipales de Turismo y a trav\u00e9s de la plataforma e\u00c0gora El festival tendr\u00e1 lugar en el patio de la Escola Mare de D\u00e9u de la Roca y tambi\u00e9n contar\u00e1 con la sesi\u00f3n de DJ Jordy Rib\u00e9 El Ayuntamiento de Mont-roig del Camp ya [&hellip;]\" \/>\n<meta property=\"og:url\" content=\"https:\/\/mont-roig.cat\/es\/actualitat\/noticies\/este-lunes-salen-a-la-venta-las-entradas-para-el-festiquel-que-se-celebrara-el-26-de-septiembre-con-las-actuaciones-de-la-nit-del-canet-y-els-catarres\/\" \/>\n<meta property=\"og:site_name\" content=\"Ajuntament de Mont-roig del Camp\" \/>\n<meta property=\"article:published_time\" content=\"2026-09-04T12:42:45+00:00\" \/>\n<meta property=\"article:modified_time\" content=\"2026-09-04T12:50:48+00:00\" \/>\n<meta property=\"og:image\" content=\"https:\/\/mont-roig.cat\/wp-content\/uploads\/FESTIQUEL-2026-2-scaled.jpg\" \/>\n\t<meta property=\"og:image:width\" content=\"1448\" \/>\n\t<meta property=\"og:image:height\" content=\"2048\" \/>\n\t<meta property=\"og:image:type\" content=\"image\/jpeg\" \/>\n<meta name=\"author\" content=\"comunicacio\" \/>\n<meta name=\"twitter:card\" content=\"summary_large_image\" \/>\n<meta name=\"twitter:label1\" content=\"Escrito por\" \/>\n\t<meta name=\"twitter:data1\" content=\"comunicacio\" \/>\n\t<meta name=\"twitter:label2\" content=\"Tiempo de lectura\" \/>\n\t<meta name=\"twitter:data2\" content=\"3 minutos\" \/>\n<script type=\"application\/ld+json\" class=\"yoast-schema-graph\">{\"@context\":\"https:\\\/\\\/schema.org\",\"@graph\":[{\"@type\":\"Article\",\"@id\":\"https:\\\/\\\/mont-roig.cat\\\/es\\\/actualitat\\\/noticies\\\/este-lunes-salen-a-la-venta-las-entradas-para-el-festiquel-que-se-celebrara-el-26-de-septiembre-con-las-actuaciones-de-la-nit-del-canet-y-els-catarres\\\/#article\",\"isPartOf\":{\"@id\":\"https:\\\/\\\/mont-roig.cat\\\/es\\\/actualitat\\\/noticies\\\/este-lunes-salen-a-la-venta-las-entradas-para-el-festiquel-que-se-celebrara-el-26-de-septiembre-con-las-actuaciones-de-la-nit-del-canet-y-els-catarres\\\/\"},\"author\":{\"name\":\"comunicacio\",\"@id\":\"https:\\\/\\\/mont-roig.cat\\\/es\\\/#\\\/schema\\\/person\\\/1f73e7b5e6f9dd122e8a6f14f310ac5e\"},\"headline\":\"Este lunes salen a la venta las entradas para el FESTIQUEL, que se celebrar\u00e1 el 26 de septiembre con las actuaciones de La Nit del Canet y Els Catarres\",\"datePublished\":\"2026-09-04T12:42:45+00:00\",\"dateModified\":\"2026-09-04T12:50:48+00:00\",\"mainEntityOfPage\":{\"@id\":\"https:\\\/\\\/mont-roig.cat\\\/es\\\/actualitat\\\/noticies\\\/este-lunes-salen-a-la-venta-las-entradas-para-el-festiquel-que-se-celebrara-el-26-de-septiembre-con-las-actuaciones-de-la-nit-del-canet-y-els-catarres\\\/\"},\"wordCount\":396,\"image\":{\"@id\":\"https:\\\/\\\/mont-roig.cat\\\/es\\\/actualitat\\\/noticies\\\/este-lunes-salen-a-la-venta-las-entradas-para-el-festiquel-que-se-celebrara-el-26-de-septiembre-con-las-actuaciones-de-la-nit-del-canet-y-els-catarres\\\/#primaryimage\"},\"thumbnailUrl\":\"https:\\\/\\\/mont-roig.cat\\\/wp-content\\\/uploads\\\/FESTIQUEL-2026-2-scaled.jpg\",\"articleSection\":[\"Festes\",\"General\"],\"inLanguage\":\"es\"},{\"@type\":\"WebPage\",\"@id\":\"https:\\\/\\\/mont-roig.cat\\\/es\\\/actualitat\\\/noticies\\\/este-lunes-salen-a-la-venta-las-entradas-para-el-festiquel-que-se-celebrara-el-26-de-septiembre-con-las-actuaciones-de-la-nit-del-canet-y-els-catarres\\\/\",\"url\":\"https:\\\/\\\/mont-roig.cat\\\/es\\\/actualitat\\\/noticies\\\/este-lunes-salen-a-la-venta-las-entradas-para-el-festiquel-que-se-celebrara-el-26-de-septiembre-con-las-actuaciones-de-la-nit-del-canet-y-els-catarres\\\/\",\"name\":\"Este lunes salen a la venta las entradas para el FESTIQUEL, que se celebrar\u00e1 el 26 de septiembre con las actuaciones de La Nit del Canet y Els Catarres - Ajuntament de Mont-roig del Camp\",\"isPartOf\":{\"@id\":\"https:\\\/\\\/mont-roig.cat\\\/es\\\/#website\"},\"primaryImageOfPage\":{\"@id\":\"https:\\\/\\\/mont-roig.cat\\\/es\\\/actualitat\\\/noticies\\\/este-lunes-salen-a-la-venta-las-entradas-para-el-festiquel-que-se-celebrara-el-26-de-septiembre-con-las-actuaciones-de-la-nit-del-canet-y-els-catarres\\\/#primaryimage\"},\"image\":{\"@id\":\"https:\\\/\\\/mont-roig.cat\\\/es\\\/actualitat\\\/noticies\\\/este-lunes-salen-a-la-venta-las-entradas-para-el-festiquel-que-se-celebrara-el-26-de-septiembre-con-las-actuaciones-de-la-nit-del-canet-y-els-catarres\\\/#primaryimage\"},\"thumbnailUrl\":\"https:\\\/\\\/mont-roig.cat\\\/wp-content\\\/uploads\\\/FESTIQUEL-2026-2-scaled.jpg\",\"datePublished\":\"2026-09-04T12:42:45+00:00\",\"dateModified\":\"2026-09-04T12:50:48+00:00\",\"author\":{\"@id\":\"https:\\\/\\\/mont-roig.cat\\\/es\\\/#\\\/schema\\\/person\\\/1f73e7b5e6f9dd122e8a6f14f310ac5e\"},\"breadcrumb\":{\"@id\":\"https:\\\/\\\/mont-roig.cat\\\/es\\\/actualitat\\\/noticies\\\/este-lunes-salen-a-la-venta-las-entradas-para-el-festiquel-que-se-celebrara-el-26-de-septiembre-con-las-actuaciones-de-la-nit-del-canet-y-els-catarres\\\/#breadcrumb\"},\"inLanguage\":\"es\",\"potentialAction\":[{\"@type\":\"ReadAction\",\"target\":[\"https:\\\/\\\/mont-roig.cat\\\/es\\\/actualitat\\\/noticies\\\/este-lunes-salen-a-la-venta-las-entradas-para-el-festiquel-que-se-celebrara-el-26-de-septiembre-con-las-actuaciones-de-la-nit-del-canet-y-els-catarres\\\/\"]}]},{\"@type\":\"ImageObject\",\"inLanguage\":\"es\",\"@id\":\"https:\\\/\\\/mont-roig.cat\\\/es\\\/actualitat\\\/noticies\\\/este-lunes-salen-a-la-venta-las-entradas-para-el-festiquel-que-se-celebrara-el-26-de-septiembre-con-las-actuaciones-de-la-nit-del-canet-y-els-catarres\\\/#primaryimage\",\"url\":\"https:\\\/\\\/mont-roig.cat\\\/wp-content\\\/uploads\\\/FESTIQUEL-2026-2-scaled.jpg\",\"contentUrl\":\"https:\\\/\\\/mont-roig.cat\\\/wp-content\\\/uploads\\\/FESTIQUEL-2026-2-scaled.jpg\",\"width\":1448,\"height\":2048},{\"@type\":\"BreadcrumbList\",\"@id\":\"https:\\\/\\\/mont-roig.cat\\\/es\\\/actualitat\\\/noticies\\\/este-lunes-salen-a-la-venta-las-entradas-para-el-festiquel-que-se-celebrara-el-26-de-septiembre-con-las-actuaciones-de-la-nit-del-canet-y-els-catarres\\\/#breadcrumb\",\"itemListElement\":[{\"@type\":\"ListItem\",\"position\":1,\"name\":\"Inici\",\"item\":\"https:\\\/\\\/mont-roig.cat\\\/es\\\/pagina-de-inicio\\\/\"},{\"@type\":\"ListItem\",\"position\":2,\"name\":\"Este lunes salen a la venta las entradas para el FESTIQUEL, que se celebrar\u00e1 el 26 de septiembre con las actuaciones de La Nit del Canet y Els Catarres\"}]},{\"@type\":\"WebSite\",\"@id\":\"https:\\\/\\\/mont-roig.cat\\\/es\\\/#website\",\"url\":\"https:\\\/\\\/mont-roig.cat\\\/es\\\/\",\"name\":\"Ajuntament de Mont-roig del Camp\",\"description\":\"Tota la informaci\u00f3 sobre la instituci\u00f3, els seus \u00f2rgans de govern, actualitat, serveis i molt m\u00e9s.\",\"potentialAction\":[{\"@type\":\"SearchAction\",\"target\":{\"@type\":\"EntryPoint\",\"urlTemplate\":\"https:\\\/\\\/mont-roig.cat\\\/es\\\/?s={search_term_string}\"},\"query-input\":{\"@type\":\"PropertyValueSpecification\",\"valueRequired\":true,\"valueName\":\"search_term_string\"}}],\"inLanguage\":\"es\"},{\"@type\":\"Person\",\"@id\":\"https:\\\/\\\/mont-roig.cat\\\/es\\\/#\\\/schema\\\/person\\\/1f73e7b5e6f9dd122e8a6f14f310ac5e\",\"name\":\"comunicacio\",\"image\":{\"@type\":\"ImageObject\",\"inLanguage\":\"es\",\"@id\":\"https:\\\/\\\/secure.gravatar.com\\\/avatar\\\/98944333e7a877670a64f8d10f0cb680ab2c9ebc4efc43945ef004b52b5ad28c?s=96&d=mm&r=g\",\"url\":\"https:\\\/\\\/secure.gravatar.com\\\/avatar\\\/98944333e7a877670a64f8d10f0cb680ab2c9ebc4efc43945ef004b52b5ad28c?s=96&d=mm&r=g\",\"contentUrl\":\"https:\\\/\\\/secure.gravatar.com\\\/avatar\\\/98944333e7a877670a64f8d10f0cb680ab2c9ebc4efc43945ef004b52b5ad28c?s=96&d=mm&r=g\",\"caption\":\"comunicacio\"},\"url\":\"https:\\\/\\\/mont-roig.cat\\\/es\\\/actualitat\\\/noticies\\\/author\\\/comunicacio\\\/\"}]}<\/script>\n<!-- \/ Yoast SEO plugin. -->","yoast_head_json":{"title":"Este lunes salen a la venta las entradas para el FESTIQUEL, que se celebrar\u00e1 el 26 de septiembre con las actuaciones de La Nit del Canet y Els Catarres - Ajuntament de Mont-roig del Camp","robots":{"index":"index","follow":"follow","max-snippet":"max-snippet:-1","max-image-preview":"max-image-preview:large","max-video-preview":"max-video-preview:-1"},"canonical":"https:\/\/mont-roig.cat\/es\/actualitat\/noticies\/este-lunes-salen-a-la-venta-las-entradas-para-el-festiquel-que-se-celebrara-el-26-de-septiembre-con-las-actuaciones-de-la-nit-del-canet-y-els-catarres\/","og_locale":"es_ES","og_type":"article","og_title":"Este lunes salen a la venta las entradas para el FESTIQUEL, que se celebrar\u00e1 el 26 de septiembre con las actuaciones de La Nit del Canet y Els Catarres - Ajuntament de Mont-roig del Camp","og_description":"Las entradas anticipadas, a 8 euros, se podr\u00e1n adquirir en las oficinas municipales de Turismo y a trav\u00e9s de la plataforma e\u00c0gora El festival tendr\u00e1 lugar en el patio de la Escola Mare de D\u00e9u de la Roca y tambi\u00e9n contar\u00e1 con la sesi\u00f3n de DJ Jordy Rib\u00e9 El Ayuntamiento de Mont-roig del Camp ya [&hellip;]","og_url":"https:\/\/mont-roig.cat\/es\/actualitat\/noticies\/este-lunes-salen-a-la-venta-las-entradas-para-el-festiquel-que-se-celebrara-el-26-de-septiembre-con-las-actuaciones-de-la-nit-del-canet-y-els-catarres\/","og_site_name":"Ajuntament de Mont-roig del Camp","article_published_time":"2026-09-04T12:42:45+00:00","article_modified_time":"2026-09-04T12:50:48+00:00","og_image":[{"width":1448,"height":2048,"url":"https:\/\/mont-roig.cat\/wp-content\/uploads\/FESTIQUEL-2026-2-scaled.jpg","type":"image\/jpeg"}],"author":"comunicacio","twitter_card":"summary_large_image","twitter_misc":{"Escrito por":"comunicacio","Tiempo de lectura":"3 minutos"},"schema":{"@context":"https:\/\/schema.org","@graph":[{"@type":"Article","@id":"https:\/\/mont-roig.cat\/es\/actualitat\/noticies\/este-lunes-salen-a-la-venta-las-entradas-para-el-festiquel-que-se-celebrara-el-26-de-septiembre-con-las-actuaciones-de-la-nit-del-canet-y-els-catarres\/#article","isPartOf":{"@id":"https:\/\/mont-roig.cat\/es\/actualitat\/noticies\/este-lunes-salen-a-la-venta-las-entradas-para-el-festiquel-que-se-celebrara-el-26-de-septiembre-con-las-actuaciones-de-la-nit-del-canet-y-els-catarres\/"},"author":{"name":"comunicacio","@id":"https:\/\/mont-roig.cat\/es\/#\/schema\/person\/1f73e7b5e6f9dd122e8a6f14f310ac5e"},"headline":"Este lunes salen a la venta las entradas para el FESTIQUEL, que se celebrar\u00e1 el 26 de septiembre con las actuaciones de La Nit del Canet y Els Catarres","datePublished":"2026-09-04T12:42:45+00:00","dateModified":"2026-09-04T12:50:48+00:00","mainEntityOfPage":{"@id":"https:\/\/mont-roig.cat\/es\/actualitat\/noticies\/este-lunes-salen-a-la-venta-las-entradas-para-el-festiquel-que-se-celebrara-el-26-de-septiembre-con-las-actuaciones-de-la-nit-del-canet-y-els-catarres\/"},"wordCount":396,"image":{"@id":"https:\/\/mont-roig.cat\/es\/actualitat\/noticies\/este-lunes-salen-a-la-venta-las-entradas-para-el-festiquel-que-se-celebrara-el-26-de-septiembre-con-las-actuaciones-de-la-nit-del-canet-y-els-catarres\/#primaryimage"},"thumbnailUrl":"https:\/\/mont-roig.cat\/wp-content\/uploads\/FESTIQUEL-2026-2-scaled.jpg","articleSection":["Festes","General"],"inLanguage":"es"},{"@type":"WebPage","@id":"https:\/\/mont-roig.cat\/es\/actualitat\/noticies\/este-lunes-salen-a-la-venta-las-entradas-para-el-festiquel-que-se-celebrara-el-26-de-septiembre-con-las-actuaciones-de-la-nit-del-canet-y-els-catarres\/","url":"https:\/\/mont-roig.cat\/es\/actualitat\/noticies\/este-lunes-salen-a-la-venta-las-entradas-para-el-festiquel-que-se-celebrara-el-26-de-septiembre-con-las-actuaciones-de-la-nit-del-canet-y-els-catarres\/","name":"Este lunes salen a la venta las entradas para el FESTIQUEL, que se celebrar\u00e1 el 26 de septiembre con las actuaciones de La Nit del Canet y Els Catarres - Ajuntament de Mont-roig del Camp","isPartOf":{"@id":"https:\/\/mont-roig.cat\/es\/#website"},"primaryImageOfPage":{"@id":"https:\/\/mont-roig.cat\/es\/actualitat\/noticies\/este-lunes-salen-a-la-venta-las-entradas-para-el-festiquel-que-se-celebrara-el-26-de-septiembre-con-las-actuaciones-de-la-nit-del-canet-y-els-catarres\/#primaryimage"},"image":{"@id":"https:\/\/mont-roig.cat\/es\/actualitat\/noticies\/este-lunes-salen-a-la-venta-las-entradas-para-el-festiquel-que-se-celebrara-el-26-de-septiembre-con-las-actuaciones-de-la-nit-del-canet-y-els-catarres\/#primaryimage"},"thumbnailUrl":"https:\/\/mont-roig.cat\/wp-content\/uploads\/FESTIQUEL-2026-2-scaled.jpg","datePublished":"2026-09-04T12:42:45+00:00","dateModified":"2026-09-04T12:50:48+00:00","author":{"@id":"https:\/\/mont-roig.cat\/es\/#\/schema\/person\/1f73e7b5e6f9dd122e8a6f14f310ac5e"},"breadcrumb":{"@id":"https:\/\/mont-roig.cat\/es\/actualitat\/noticies\/este-lunes-salen-a-la-venta-las-entradas-para-el-festiquel-que-se-celebrara-el-26-de-septiembre-con-las-actuaciones-de-la-nit-del-canet-y-els-catarres\/#breadcrumb"},"inLanguage":"es","potentialAction":[{"@type":"ReadAction","target":["https:\/\/mont-roig.cat\/es\/actualitat\/noticies\/este-lunes-salen-a-la-venta-las-entradas-para-el-festiquel-que-se-celebrara-el-26-de-septiembre-con-las-actuaciones-de-la-nit-del-canet-y-els-catarres\/"]}]},{"@type":"ImageObject","inLanguage":"es","@id":"https:\/\/mont-roig.cat\/es\/actualitat\/noticies\/este-lunes-salen-a-la-venta-las-entradas-para-el-festiquel-que-se-celebrara-el-26-de-septiembre-con-las-actuaciones-de-la-nit-del-canet-y-els-catarres\/#primaryimage","url":"https:\/\/mont-roig.cat\/wp-content\/uploads\/FESTIQUEL-2026-2-scaled.jpg","contentUrl":"https:\/\/mont-roig.cat\/wp-content\/uploads\/FESTIQUEL-2026-2-scaled.jpg","width":1448,"height":2048},{"@type":"BreadcrumbList","@id":"https:\/\/mont-roig.cat\/es\/actualitat\/noticies\/este-lunes-salen-a-la-venta-las-entradas-para-el-festiquel-que-se-celebrara-el-26-de-septiembre-con-las-actuaciones-de-la-nit-del-canet-y-els-catarres\/#breadcrumb","itemListElement":[{"@type":"ListItem","position":1,"name":"Inici","item":"https:\/\/mont-roig.cat\/es\/pagina-de-inicio\/"},{"@type":"ListItem","position":2,"name":"Este lunes salen a la venta las entradas para el FESTIQUEL, que se celebrar\u00e1 el 26 de septiembre con las actuaciones de La Nit del Canet y Els Catarres"}]},{"@type":"WebSite","@id":"https:\/\/mont-roig.cat\/es\/#website","url":"https:\/\/mont-roig.cat\/es\/","name":"Ajuntament de Mont-roig del Camp","description":"Tota la informaci\u00f3 sobre la instituci\u00f3, els seus \u00f2rgans de govern, actualitat, serveis i molt m\u00e9s.","potentialAction":[{"@type":"SearchAction","target":{"@type":"EntryPoint","urlTemplate":"https:\/\/mont-roig.cat\/es\/?s={search_term_string}"},"query-input":{"@type":"PropertyValueSpecification","valueRequired":true,"valueName":"search_term_string"}}],"inLanguage":"es"},{"@type":"Person","@id":"https:\/\/mont-roig.cat\/es\/#\/schema\/person\/1f73e7b5e6f9dd122e8a6f14f310ac5e","name":"comunicacio","image":{"@type":"ImageObject","inLanguage":"es","@id":"https:\/\/secure.gravatar.com\/avatar\/98944333e7a877670a64f8d10f0cb680ab2c9ebc4efc43945ef004b52b5ad28c?s=96&d=mm&r=g","url":"https:\/\/secure.gravatar.com\/avatar\/98944333e7a877670a64f8d10f0cb680ab2c9ebc4efc43945ef004b52b5ad28c?s=96&d=mm&r=g","contentUrl":"https:\/\/secure.gravatar.com\/avatar\/98944333e7a877670a64f8d10f0cb680ab2c9ebc4efc43945ef004b52b5ad28c?s=96&d=mm&r=g","caption":"comunicacio"},"url":"https:\/\/mont-roig.cat\/es\/actualitat\/noticies\/author\/comunicacio\/"}]}},"_links":{"self":[{"href":"https:\/\/mont-roig.cat\/es\/wp-json\/wp\/v2\/posts\/95040","targetHints":{"allow":["GET"]}}],"collection":[{"href":"https:\/\/mont-roig.cat\/es\/wp-json\/wp\/v2\/posts"}],"about":[{"href":"https:\/\/mont-roig.cat\/es\/wp-json\/wp\/v2\/types\/post"}],"author":[{"embeddable":true,"href":"https:\/\/mont-roig.cat\/es\/wp-json\/wp\/v2\/users\/13"}],"replies":[{"embeddable":true,"href":"https:\/\/mont-roig.cat\/es\/wp-json\/wp\/v2\/comments?post=95040"}],"version-history":[{"count":2,"href":"https:\/\/mont-roig.cat\/es\/wp-json\/wp\/v2\/posts\/95040\/revisions"}],"predecessor-version":[{"id":95043,"href":"https:\/\/mont-roig.cat\/es\/wp-json\/wp\/v2\/posts\/95040\/revisions\/95043"}],"wp:featuredmedia":[{"embeddable":true,"href":"https:\/\/mont-roig.cat\/es\/wp-json\/wp\/v2\/media\/95038"}],"wp:attachment":[{"href":"https:\/\/mont-roig.cat\/es\/wp-json\/wp\/v2\/media?parent=95040"}],"wp:term":[{"taxonomy":"category","embeddable":true,"href":"https:\/\/mont-roig.cat\/es\/wp-json\/wp\/v2\/categories?post=95040"},{"taxonomy":"post_tag","embeddable":true,"href":"https:\/\/mont-roig.cat\/es\/wp-json\/wp\/v2\/tags?post=95040"}],"curies":[{"name":"wp","href":"https:\/\/api.w.org\/{rel}","templated":true}]}}