{"id":95056,"date":"2026-09-04T17:32:55","date_gmt":"2026-09-04T15:32:55","guid":{"rendered":"https:\/\/mont-roig.cat\/actualitat\/noticies\/tall-de-circulacio-a-lavinguda-costa-daurada-de-miami-platja-a-partir-de-dilluns-per-unes-obres-dendesa\/"},"modified":"2026-09-04T17:40:08","modified_gmt":"2026-09-04T15:40:08","slug":"corte-de-circulacion-en-la-avenida-costa-daurada-de-miami-platja-a-partir-del-lunes-por-unas-obras-de-endesa","status":"publish","type":"post","link":"https:\/\/mont-roig.cat\/es\/actualitat\/noticies\/corte-de-circulacion-en-la-avenida-costa-daurada-de-miami-platja-a-partir-del-lunes-por-unas-obras-de-endesa\/","title":{"rendered":"Corte de circulaci\u00f3n en la avenida Costa Daurada de Miami Platja a partir del lunes por unas obras de Endesa"},"content":{"rendered":"<p><strong><strong><a href=\"https:\/\/mont-roig.cat\/wp-content\/uploads\/tall-carrer21.jpeg\" target=\"_blank\" rel=\"noopener\"><img loading=\"lazy\" decoding=\"async\" class=\"alignright wp-image-95048\" src=\"https:\/\/mont-roig.cat\/wp-content\/uploads\/tall-carrer21-416x500.jpeg\" alt=\"\" width=\"301\" height=\"362\" srcset=\"https:\/\/mont-roig.cat\/wp-content\/uploads\/tall-carrer21-416x500.jpeg 416w, https:\/\/mont-roig.cat\/wp-content\/uploads\/tall-carrer21-852x1024.jpeg 852w, https:\/\/mont-roig.cat\/wp-content\/uploads\/tall-carrer21-768x923.jpeg 768w, https:\/\/mont-roig.cat\/wp-content\/uploads\/tall-carrer21.jpeg 899w\" sizes=\"auto, (max-width: 301px) 100vw, 301px\" \/><\/a><\/strong><\/strong><\/p>\n<ul data-spread=\"false\">\n<li><strong>La actuaci\u00f3n obligar\u00e1 a restringir el tr\u00e1fico entre la avenida Barcelona y el antiguo puente de la v\u00eda del tren, mientras que se recomiendan itinerarios alternativos para acceder a la zona<\/strong><\/li>\n<\/ul>\n<p class=\"isSelectedEnd\">Endesa ha informado de que este lunes, 7 de septiembre, llevar\u00e1 a cabo trabajos de reparaci\u00f3n en la red el\u00e9ctrica de Miami Platja. La actuaci\u00f3n comportar\u00e1 el corte de circulaci\u00f3n de veh\u00edculos en la avenida Costa Daurada, as\u00ed como cortes puntuales en el suministro el\u00e9ctrico en diversos puntos de la zona.<\/p>\n<p class=\"isSelectedEnd\">Como consecuencia de los trabajos, la avenida Costa Daurada quedar\u00e1 cortada al tr\u00e1fico entre la avenida Barcelona y el antiguo puente de la v\u00eda del tren. Seg\u00fan ha explicado la compa\u00f1\u00eda el\u00e9ctrica, la restricci\u00f3n es necesaria para poder instalar la maquinaria espec\u00edfica que permitir\u00e1 ejecutar la reparaci\u00f3n con la m\u00e1xima rapidez posible.<\/p>\n<p class=\"isSelectedEnd\"><a href=\"https:\/\/mont-roig.cat\/wp-content\/uploads\/talla-carrer.jpeg\" target=\"_blank\" rel=\"noopener\"><img loading=\"lazy\" decoding=\"async\" class=\"alignleft wp-image-95050\" src=\"https:\/\/mont-roig.cat\/wp-content\/uploads\/talla-carrer-500x218.jpeg\" alt=\"\" width=\"307\" height=\"134\" srcset=\"https:\/\/mont-roig.cat\/wp-content\/uploads\/talla-carrer-500x218.jpeg 500w, https:\/\/mont-roig.cat\/wp-content\/uploads\/talla-carrer-1024x447.jpeg 1024w, https:\/\/mont-roig.cat\/wp-content\/uploads\/talla-carrer-768x336.jpeg 768w, https:\/\/mont-roig.cat\/wp-content\/uploads\/talla-carrer-1536x671.jpeg 1536w, https:\/\/mont-roig.cat\/wp-content\/uploads\/talla-carrer.jpeg 1600w\" sizes=\"auto, (max-width: 307px) 100vw, 307px\" \/><\/a><\/p>\n<p class=\"isSelectedEnd\">Durante las obras, se recomienda a los vecinos y usuarios de la zona utilizar como v\u00edas de acceso las calles Sevilla, Ripoll\u00e8s, Xaloc y Gregal. Para facilitar la movilidad, el \u00faltimo tramo de la avenida Costa Daurada, entre el paseo Mediterrani y la conexi\u00f3n con estas calles, se habilitar\u00e1 temporalmente en doble sentido de circulaci\u00f3n.<\/p>\n<p class=\"isSelectedEnd\">L\u2019Ajuntament pide comprensi\u00f3n por los inconvenientes que estas actuaciones puedan ocasionar y recuerda que los trabajos son necesarios para garantizar el correcto funcionamiento de la red el\u00e9ctrica y la seguridad del servicio.<\/p>\n<p>Por el momento, no se puede determinar con exactitud la duraci\u00f3n de las tareas. El tr\u00e1fico se restablecer\u00e1 con normalidad tan pronto como sea posible.<\/p>\n","protected":false},"excerpt":{"rendered":"<p>La actuaci\u00f3n obligar\u00e1 a restringir el tr\u00e1fico entre la avenida Barcelona y el antiguo puente de la v\u00eda del tren, mientras que se recomiendan itinerarios alternativos para acceder a la zona Endesa ha informado de que este lunes, 7 de septiembre, llevar\u00e1 a cabo trabajos de reparaci\u00f3n en la red el\u00e9ctrica de Miami Platja. La [&hellip;]<\/p>\n","protected":false},"author":13,"featured_media":95053,"comment_status":"closed","ping_status":"closed","sticky":false,"template":"","format":"standard","meta":{"inline_featured_image":false,"_monsterinsights_skip_tracking":false,"footnotes":""},"categories":[98,245],"tags":[],"class_list":["post-95056","post","type-post","status-publish","format-standard","has-post-thumbnail","hentry","category-ayuntamiento","category-via-publica-es"],"yoast_head":"<!-- This site is optimized with the Yoast SEO plugin v28.2 - https:\/\/yoast.com\/product\/yoast-seo-wordpress\/ -->\n<title>Corte de circulaci\u00f3n en la avenida Costa Daurada de Miami Platja a partir del lunes por unas obras de Endesa - Ajuntament de Mont-roig del Camp<\/title>\n<meta name=\"robots\" content=\"index, follow, max-snippet:-1, max-image-preview:large, max-video-preview:-1\" \/>\n<link rel=\"canonical\" href=\"https:\/\/mont-roig.cat\/es\/actualitat\/noticies\/corte-de-circulacion-en-la-avenida-costa-daurada-de-miami-platja-a-partir-del-lunes-por-unas-obras-de-endesa\/\" \/>\n<meta property=\"og:locale\" content=\"es_ES\" \/>\n<meta property=\"og:type\" content=\"article\" \/>\n<meta property=\"og:title\" content=\"Corte de circulaci\u00f3n en la avenida Costa Daurada de Miami Platja a partir del lunes por unas obras de Endesa - Ajuntament de Mont-roig del Camp\" \/>\n<meta property=\"og:description\" content=\"La actuaci\u00f3n obligar\u00e1 a restringir el tr\u00e1fico entre la avenida Barcelona y el antiguo puente de la v\u00eda del tren, mientras que se recomiendan itinerarios alternativos para acceder a la zona Endesa ha informado de que este lunes, 7 de septiembre, llevar\u00e1 a cabo trabajos de reparaci\u00f3n en la red el\u00e9ctrica de Miami Platja. La [&hellip;]\" \/>\n<meta property=\"og:url\" content=\"https:\/\/mont-roig.cat\/es\/actualitat\/noticies\/corte-de-circulacion-en-la-avenida-costa-daurada-de-miami-platja-a-partir-del-lunes-por-unas-obras-de-endesa\/\" \/>\n<meta property=\"og:site_name\" content=\"Ajuntament de Mont-roig del Camp\" \/>\n<meta property=\"article:published_time\" content=\"2026-09-04T15:32:55+00:00\" \/>\n<meta property=\"article:modified_time\" content=\"2026-09-04T15:40:08+00:00\" \/>\n<meta property=\"og:image\" content=\"https:\/\/mont-roig.cat\/wp-content\/uploads\/tall-carrer21.jpeg\" \/>\n\t<meta property=\"og:image:width\" content=\"899\" \/>\n\t<meta property=\"og:image:height\" content=\"1081\" \/>\n\t<meta property=\"og:image:type\" content=\"image\/jpeg\" \/>\n<meta name=\"author\" content=\"comunicacio\" \/>\n<meta name=\"twitter:card\" content=\"summary_large_image\" \/>\n<meta name=\"twitter:label1\" content=\"Escrito por\" \/>\n\t<meta name=\"twitter:data1\" content=\"comunicacio\" \/>\n\t<meta name=\"twitter:label2\" content=\"Tiempo de lectura\" \/>\n\t<meta name=\"twitter:data2\" content=\"2 minutos\" \/>\n<script type=\"application\/ld+json\" class=\"yoast-schema-graph\">{\"@context\":\"https:\\\/\\\/schema.org\",\"@graph\":[{\"@type\":\"Article\",\"@id\":\"https:\\\/\\\/mont-roig.cat\\\/es\\\/actualitat\\\/noticies\\\/corte-de-circulacion-en-la-avenida-costa-daurada-de-miami-platja-a-partir-del-lunes-por-unas-obras-de-endesa\\\/#article\",\"isPartOf\":{\"@id\":\"https:\\\/\\\/mont-roig.cat\\\/es\\\/actualitat\\\/noticies\\\/corte-de-circulacion-en-la-avenida-costa-daurada-de-miami-platja-a-partir-del-lunes-por-unas-obras-de-endesa\\\/\"},\"author\":{\"name\":\"comunicacio\",\"@id\":\"https:\\\/\\\/mont-roig.cat\\\/es\\\/#\\\/schema\\\/person\\\/1f73e7b5e6f9dd122e8a6f14f310ac5e\"},\"headline\":\"Corte de circulaci\u00f3n en la avenida Costa Daurada de Miami Platja a partir del lunes por unas obras de Endesa\",\"datePublished\":\"2026-09-04T15:32:55+00:00\",\"dateModified\":\"2026-09-04T15:40:08+00:00\",\"mainEntityOfPage\":{\"@id\":\"https:\\\/\\\/mont-roig.cat\\\/es\\\/actualitat\\\/noticies\\\/corte-de-circulacion-en-la-avenida-costa-daurada-de-miami-platja-a-partir-del-lunes-por-unas-obras-de-endesa\\\/\"},\"wordCount\":293,\"image\":{\"@id\":\"https:\\\/\\\/mont-roig.cat\\\/es\\\/actualitat\\\/noticies\\\/corte-de-circulacion-en-la-avenida-costa-daurada-de-miami-platja-a-partir-del-lunes-por-unas-obras-de-endesa\\\/#primaryimage\"},\"thumbnailUrl\":\"https:\\\/\\\/mont-roig.cat\\\/wp-content\\\/uploads\\\/tall-carrer21.jpeg\",\"articleSection\":[\"Ayuntamiento\",\"Via P\u00fablica\"],\"inLanguage\":\"es\"},{\"@type\":\"WebPage\",\"@id\":\"https:\\\/\\\/mont-roig.cat\\\/es\\\/actualitat\\\/noticies\\\/corte-de-circulacion-en-la-avenida-costa-daurada-de-miami-platja-a-partir-del-lunes-por-unas-obras-de-endesa\\\/\",\"url\":\"https:\\\/\\\/mont-roig.cat\\\/es\\\/actualitat\\\/noticies\\\/corte-de-circulacion-en-la-avenida-costa-daurada-de-miami-platja-a-partir-del-lunes-por-unas-obras-de-endesa\\\/\",\"name\":\"Corte de circulaci\u00f3n en la avenida Costa Daurada de Miami Platja a partir del lunes por unas obras de Endesa - Ajuntament de Mont-roig del Camp\",\"isPartOf\":{\"@id\":\"https:\\\/\\\/mont-roig.cat\\\/es\\\/#website\"},\"primaryImageOfPage\":{\"@id\":\"https:\\\/\\\/mont-roig.cat\\\/es\\\/actualitat\\\/noticies\\\/corte-de-circulacion-en-la-avenida-costa-daurada-de-miami-platja-a-partir-del-lunes-por-unas-obras-de-endesa\\\/#primaryimage\"},\"image\":{\"@id\":\"https:\\\/\\\/mont-roig.cat\\\/es\\\/actualitat\\\/noticies\\\/corte-de-circulacion-en-la-avenida-costa-daurada-de-miami-platja-a-partir-del-lunes-por-unas-obras-de-endesa\\\/#primaryimage\"},\"thumbnailUrl\":\"https:\\\/\\\/mont-roig.cat\\\/wp-content\\\/uploads\\\/tall-carrer21.jpeg\",\"datePublished\":\"2026-09-04T15:32:55+00:00\",\"dateModified\":\"2026-09-04T15:40:08+00:00\",\"author\":{\"@id\":\"https:\\\/\\\/mont-roig.cat\\\/es\\\/#\\\/schema\\\/person\\\/1f73e7b5e6f9dd122e8a6f14f310ac5e\"},\"breadcrumb\":{\"@id\":\"https:\\\/\\\/mont-roig.cat\\\/es\\\/actualitat\\\/noticies\\\/corte-de-circulacion-en-la-avenida-costa-daurada-de-miami-platja-a-partir-del-lunes-por-unas-obras-de-endesa\\\/#breadcrumb\"},\"inLanguage\":\"es\",\"potentialAction\":[{\"@type\":\"ReadAction\",\"target\":[\"https:\\\/\\\/mont-roig.cat\\\/es\\\/actualitat\\\/noticies\\\/corte-de-circulacion-en-la-avenida-costa-daurada-de-miami-platja-a-partir-del-lunes-por-unas-obras-de-endesa\\\/\"]}]},{\"@type\":\"ImageObject\",\"inLanguage\":\"es\",\"@id\":\"https:\\\/\\\/mont-roig.cat\\\/es\\\/actualitat\\\/noticies\\\/corte-de-circulacion-en-la-avenida-costa-daurada-de-miami-platja-a-partir-del-lunes-por-unas-obras-de-endesa\\\/#primaryimage\",\"url\":\"https:\\\/\\\/mont-roig.cat\\\/wp-content\\\/uploads\\\/tall-carrer21.jpeg\",\"contentUrl\":\"https:\\\/\\\/mont-roig.cat\\\/wp-content\\\/uploads\\\/tall-carrer21.jpeg\",\"width\":899,\"height\":1081},{\"@type\":\"BreadcrumbList\",\"@id\":\"https:\\\/\\\/mont-roig.cat\\\/es\\\/actualitat\\\/noticies\\\/corte-de-circulacion-en-la-avenida-costa-daurada-de-miami-platja-a-partir-del-lunes-por-unas-obras-de-endesa\\\/#breadcrumb\",\"itemListElement\":[{\"@type\":\"ListItem\",\"position\":1,\"name\":\"Inici\",\"item\":\"https:\\\/\\\/mont-roig.cat\\\/es\\\/pagina-de-inicio\\\/\"},{\"@type\":\"ListItem\",\"position\":2,\"name\":\"Corte de circulaci\u00f3n en la avenida Costa Daurada de Miami Platja a partir del lunes por unas obras de Endesa\"}]},{\"@type\":\"WebSite\",\"@id\":\"https:\\\/\\\/mont-roig.cat\\\/es\\\/#website\",\"url\":\"https:\\\/\\\/mont-roig.cat\\\/es\\\/\",\"name\":\"Ajuntament de Mont-roig del Camp\",\"description\":\"Tota la informaci\u00f3 sobre la instituci\u00f3, els seus \u00f2rgans de govern, actualitat, serveis i molt m\u00e9s.\",\"potentialAction\":[{\"@type\":\"SearchAction\",\"target\":{\"@type\":\"EntryPoint\",\"urlTemplate\":\"https:\\\/\\\/mont-roig.cat\\\/es\\\/?s={search_term_string}\"},\"query-input\":{\"@type\":\"PropertyValueSpecification\",\"valueRequired\":true,\"valueName\":\"search_term_string\"}}],\"inLanguage\":\"es\"},{\"@type\":\"Person\",\"@id\":\"https:\\\/\\\/mont-roig.cat\\\/es\\\/#\\\/schema\\\/person\\\/1f73e7b5e6f9dd122e8a6f14f310ac5e\",\"name\":\"comunicacio\",\"image\":{\"@type\":\"ImageObject\",\"inLanguage\":\"es\",\"@id\":\"https:\\\/\\\/secure.gravatar.com\\\/avatar\\\/98944333e7a877670a64f8d10f0cb680ab2c9ebc4efc43945ef004b52b5ad28c?s=96&d=mm&r=g\",\"url\":\"https:\\\/\\\/secure.gravatar.com\\\/avatar\\\/98944333e7a877670a64f8d10f0cb680ab2c9ebc4efc43945ef004b52b5ad28c?s=96&d=mm&r=g\",\"contentUrl\":\"https:\\\/\\\/secure.gravatar.com\\\/avatar\\\/98944333e7a877670a64f8d10f0cb680ab2c9ebc4efc43945ef004b52b5ad28c?s=96&d=mm&r=g\",\"caption\":\"comunicacio\"},\"url\":\"https:\\\/\\\/mont-roig.cat\\\/es\\\/actualitat\\\/noticies\\\/author\\\/comunicacio\\\/\"}]}<\/script>\n<!-- \/ Yoast SEO plugin. -->","yoast_head_json":{"title":"Corte de circulaci\u00f3n en la avenida Costa Daurada de Miami Platja a partir del lunes por unas obras de Endesa - Ajuntament de Mont-roig del Camp","robots":{"index":"index","follow":"follow","max-snippet":"max-snippet:-1","max-image-preview":"max-image-preview:large","max-video-preview":"max-video-preview:-1"},"canonical":"https:\/\/mont-roig.cat\/es\/actualitat\/noticies\/corte-de-circulacion-en-la-avenida-costa-daurada-de-miami-platja-a-partir-del-lunes-por-unas-obras-de-endesa\/","og_locale":"es_ES","og_type":"article","og_title":"Corte de circulaci\u00f3n en la avenida Costa Daurada de Miami Platja a partir del lunes por unas obras de Endesa - Ajuntament de Mont-roig del Camp","og_description":"La actuaci\u00f3n obligar\u00e1 a restringir el tr\u00e1fico entre la avenida Barcelona y el antiguo puente de la v\u00eda del tren, mientras que se recomiendan itinerarios alternativos para acceder a la zona Endesa ha informado de que este lunes, 7 de septiembre, llevar\u00e1 a cabo trabajos de reparaci\u00f3n en la red el\u00e9ctrica de Miami Platja. La [&hellip;]","og_url":"https:\/\/mont-roig.cat\/es\/actualitat\/noticies\/corte-de-circulacion-en-la-avenida-costa-daurada-de-miami-platja-a-partir-del-lunes-por-unas-obras-de-endesa\/","og_site_name":"Ajuntament de Mont-roig del Camp","article_published_time":"2026-09-04T15:32:55+00:00","article_modified_time":"2026-09-04T15:40:08+00:00","og_image":[{"width":899,"height":1081,"url":"https:\/\/mont-roig.cat\/wp-content\/uploads\/tall-carrer21.jpeg","type":"image\/jpeg"}],"author":"comunicacio","twitter_card":"summary_large_image","twitter_misc":{"Escrito por":"comunicacio","Tiempo de lectura":"2 minutos"},"schema":{"@context":"https:\/\/schema.org","@graph":[{"@type":"Article","@id":"https:\/\/mont-roig.cat\/es\/actualitat\/noticies\/corte-de-circulacion-en-la-avenida-costa-daurada-de-miami-platja-a-partir-del-lunes-por-unas-obras-de-endesa\/#article","isPartOf":{"@id":"https:\/\/mont-roig.cat\/es\/actualitat\/noticies\/corte-de-circulacion-en-la-avenida-costa-daurada-de-miami-platja-a-partir-del-lunes-por-unas-obras-de-endesa\/"},"author":{"name":"comunicacio","@id":"https:\/\/mont-roig.cat\/es\/#\/schema\/person\/1f73e7b5e6f9dd122e8a6f14f310ac5e"},"headline":"Corte de circulaci\u00f3n en la avenida Costa Daurada de Miami Platja a partir del lunes por unas obras de Endesa","datePublished":"2026-09-04T15:32:55+00:00","dateModified":"2026-09-04T15:40:08+00:00","mainEntityOfPage":{"@id":"https:\/\/mont-roig.cat\/es\/actualitat\/noticies\/corte-de-circulacion-en-la-avenida-costa-daurada-de-miami-platja-a-partir-del-lunes-por-unas-obras-de-endesa\/"},"wordCount":293,"image":{"@id":"https:\/\/mont-roig.cat\/es\/actualitat\/noticies\/corte-de-circulacion-en-la-avenida-costa-daurada-de-miami-platja-a-partir-del-lunes-por-unas-obras-de-endesa\/#primaryimage"},"thumbnailUrl":"https:\/\/mont-roig.cat\/wp-content\/uploads\/tall-carrer21.jpeg","articleSection":["Ayuntamiento","Via P\u00fablica"],"inLanguage":"es"},{"@type":"WebPage","@id":"https:\/\/mont-roig.cat\/es\/actualitat\/noticies\/corte-de-circulacion-en-la-avenida-costa-daurada-de-miami-platja-a-partir-del-lunes-por-unas-obras-de-endesa\/","url":"https:\/\/mont-roig.cat\/es\/actualitat\/noticies\/corte-de-circulacion-en-la-avenida-costa-daurada-de-miami-platja-a-partir-del-lunes-por-unas-obras-de-endesa\/","name":"Corte de circulaci\u00f3n en la avenida Costa Daurada de Miami Platja a partir del lunes por unas obras de Endesa - Ajuntament de Mont-roig del Camp","isPartOf":{"@id":"https:\/\/mont-roig.cat\/es\/#website"},"primaryImageOfPage":{"@id":"https:\/\/mont-roig.cat\/es\/actualitat\/noticies\/corte-de-circulacion-en-la-avenida-costa-daurada-de-miami-platja-a-partir-del-lunes-por-unas-obras-de-endesa\/#primaryimage"},"image":{"@id":"https:\/\/mont-roig.cat\/es\/actualitat\/noticies\/corte-de-circulacion-en-la-avenida-costa-daurada-de-miami-platja-a-partir-del-lunes-por-unas-obras-de-endesa\/#primaryimage"},"thumbnailUrl":"https:\/\/mont-roig.cat\/wp-content\/uploads\/tall-carrer21.jpeg","datePublished":"2026-09-04T15:32:55+00:00","dateModified":"2026-09-04T15:40:08+00:00","author":{"@id":"https:\/\/mont-roig.cat\/es\/#\/schema\/person\/1f73e7b5e6f9dd122e8a6f14f310ac5e"},"breadcrumb":{"@id":"https:\/\/mont-roig.cat\/es\/actualitat\/noticies\/corte-de-circulacion-en-la-avenida-costa-daurada-de-miami-platja-a-partir-del-lunes-por-unas-obras-de-endesa\/#breadcrumb"},"inLanguage":"es","potentialAction":[{"@type":"ReadAction","target":["https:\/\/mont-roig.cat\/es\/actualitat\/noticies\/corte-de-circulacion-en-la-avenida-costa-daurada-de-miami-platja-a-partir-del-lunes-por-unas-obras-de-endesa\/"]}]},{"@type":"ImageObject","inLanguage":"es","@id":"https:\/\/mont-roig.cat\/es\/actualitat\/noticies\/corte-de-circulacion-en-la-avenida-costa-daurada-de-miami-platja-a-partir-del-lunes-por-unas-obras-de-endesa\/#primaryimage","url":"https:\/\/mont-roig.cat\/wp-content\/uploads\/tall-carrer21.jpeg","contentUrl":"https:\/\/mont-roig.cat\/wp-content\/uploads\/tall-carrer21.jpeg","width":899,"height":1081},{"@type":"BreadcrumbList","@id":"https:\/\/mont-roig.cat\/es\/actualitat\/noticies\/corte-de-circulacion-en-la-avenida-costa-daurada-de-miami-platja-a-partir-del-lunes-por-unas-obras-de-endesa\/#breadcrumb","itemListElement":[{"@type":"ListItem","position":1,"name":"Inici","item":"https:\/\/mont-roig.cat\/es\/pagina-de-inicio\/"},{"@type":"ListItem","position":2,"name":"Corte de circulaci\u00f3n en la avenida Costa Daurada de Miami Platja a partir del lunes por unas obras de Endesa"}]},{"@type":"WebSite","@id":"https:\/\/mont-roig.cat\/es\/#website","url":"https:\/\/mont-roig.cat\/es\/","name":"Ajuntament de Mont-roig del Camp","description":"Tota la informaci\u00f3 sobre la instituci\u00f3, els seus \u00f2rgans de govern, actualitat, serveis i molt m\u00e9s.","potentialAction":[{"@type":"SearchAction","target":{"@type":"EntryPoint","urlTemplate":"https:\/\/mont-roig.cat\/es\/?s={search_term_string}"},"query-input":{"@type":"PropertyValueSpecification","valueRequired":true,"valueName":"search_term_string"}}],"inLanguage":"es"},{"@type":"Person","@id":"https:\/\/mont-roig.cat\/es\/#\/schema\/person\/1f73e7b5e6f9dd122e8a6f14f310ac5e","name":"comunicacio","image":{"@type":"ImageObject","inLanguage":"es","@id":"https:\/\/secure.gravatar.com\/avatar\/98944333e7a877670a64f8d10f0cb680ab2c9ebc4efc43945ef004b52b5ad28c?s=96&d=mm&r=g","url":"https:\/\/secure.gravatar.com\/avatar\/98944333e7a877670a64f8d10f0cb680ab2c9ebc4efc43945ef004b52b5ad28c?s=96&d=mm&r=g","contentUrl":"https:\/\/secure.gravatar.com\/avatar\/98944333e7a877670a64f8d10f0cb680ab2c9ebc4efc43945ef004b52b5ad28c?s=96&d=mm&r=g","caption":"comunicacio"},"url":"https:\/\/mont-roig.cat\/es\/actualitat\/noticies\/author\/comunicacio\/"}]}},"_links":{"self":[{"href":"https:\/\/mont-roig.cat\/es\/wp-json\/wp\/v2\/posts\/95056","targetHints":{"allow":["GET"]}}],"collection":[{"href":"https:\/\/mont-roig.cat\/es\/wp-json\/wp\/v2\/posts"}],"about":[{"href":"https:\/\/mont-roig.cat\/es\/wp-json\/wp\/v2\/types\/post"}],"author":[{"embeddable":true,"href":"https:\/\/mont-roig.cat\/es\/wp-json\/wp\/v2\/users\/13"}],"replies":[{"embeddable":true,"href":"https:\/\/mont-roig.cat\/es\/wp-json\/wp\/v2\/comments?post=95056"}],"version-history":[{"count":1,"href":"https:\/\/mont-roig.cat\/es\/wp-json\/wp\/v2\/posts\/95056\/revisions"}],"predecessor-version":[{"id":95058,"href":"https:\/\/mont-roig.cat\/es\/wp-json\/wp\/v2\/posts\/95056\/revisions\/95058"}],"wp:featuredmedia":[{"embeddable":true,"href":"https:\/\/mont-roig.cat\/es\/wp-json\/wp\/v2\/media\/95053"}],"wp:attachment":[{"href":"https:\/\/mont-roig.cat\/es\/wp-json\/wp\/v2\/media?parent=95056"}],"wp:term":[{"taxonomy":"category","embeddable":true,"href":"https:\/\/mont-roig.cat\/es\/wp-json\/wp\/v2\/categories?post=95056"},{"taxonomy":"post_tag","embeddable":true,"href":"https:\/\/mont-roig.cat\/es\/wp-json\/wp\/v2\/tags?post=95056"}],"curies":[{"name":"wp","href":"https:\/\/api.w.org\/{rel}","templated":true}]}}