{"id":9972,"date":"2016-03-09T16:28:16","date_gmt":"2016-03-09T15:28:16","guid":{"rendered":"http:\/\/mont-roig.cat\/es\/?p=9972"},"modified":"2016-03-09T16:38:17","modified_gmt":"2016-03-09T15:38:17","slug":"pleno-del-ayuntamiento-aprueba-reglamento-organico-municipal-rom","status":"publish","type":"post","link":"https:\/\/mont-roig.cat\/es\/actualitat\/noticies\/pleno-del-ayuntamiento-aprueba-reglamento-organico-municipal-rom\/","title":{"rendered":"El Pleno del Ayuntamiento aprueba el Reglamento Org\u00e1nico Municipal (ROM)"},"content":{"rendered":"<ul>\n<li><strong>El plenario acepta el acto de renuncia del concejal Manuel Andreu Ruiz a quien se ha agradecio\u00a0los a\u00f1os de servicio y dedicaci\u00f3n en el municipio<\/strong><\/li>\n<li><strong>Se da luz verde a 3 mociones presentadas por los grupos municipales de Ciudadanos, CIU y PSC<\/strong><\/li>\n<\/ul>\n<div id=\"attachment_9970\" style=\"width: 310px\" class=\"wp-caption alignright\"><a href=\"http:\/\/mont-roig.cat\/wp-content\/uploads\/foto-ple-9-mar\u00e7-2016-votaci\u00f3-ROM.jpg\" rel=\"attachment wp-att-9970\"><img loading=\"lazy\" decoding=\"async\" aria-describedby=\"caption-attachment-9970\" class=\"wp-image-9970\" src=\"http:\/\/mont-roig.cat\/wp-content\/uploads\/foto-ple-9-mar\u00e7-2016-votaci\u00f3-ROM-500x375.jpg\" alt=\"Votaci\u00f3 ROM sessi\u00f3 plen\u00e0ria 9 de mar\u00e7 de 2016\" width=\"300\" height=\"225\" srcset=\"https:\/\/mont-roig.cat\/wp-content\/uploads\/foto-ple-9-mar\u00e7-2016-votaci\u00f3-ROM-500x375.jpg 500w, https:\/\/mont-roig.cat\/wp-content\/uploads\/foto-ple-9-mar\u00e7-2016-votaci\u00f3-ROM-768x576.jpg 768w, https:\/\/mont-roig.cat\/wp-content\/uploads\/foto-ple-9-mar\u00e7-2016-votaci\u00f3-ROM-1024x768.jpg 1024w, https:\/\/mont-roig.cat\/wp-content\/uploads\/foto-ple-9-mar\u00e7-2016-votaci\u00f3-ROM-463x348.jpg 463w\" sizes=\"auto, (max-width: 300px) 100vw, 300px\" \/><\/a><p id=\"caption-attachment-9970\" class=\"wp-caption-text\">Momento de la votaci\u00f3n del ROM. Sessi\u00f3n plenaria 9 de marzo de 2016<\/p><\/div>\n<p>El Pleno del Ayuntamiento de Mont-roig del Camp, celebrado este mi\u00e9rcoles al mediod\u00eda, ha aprobado, de forma inicial, el Reglamento Org\u00e1nico Municipal (ROM) que, entre otros aspectos, regular\u00e1 el funcionamiento de las sesiones plenarias y los \u00f3rganos de representaci\u00f3n, as\u00ed como los derechos de los concejales.<\/p>\n<p>Se trata de una aprobaci\u00f3n inicial que ha contado con los votos a favor del equipo de gobierno y el grupo municipal de Ciudadanos. Se abre ahora un periodo de exposici\u00f3n p\u00fablica de 30 d\u00edas en que se pueden presentar alegaciones, antes de que se lleve a cabo la aprobaci\u00f3n definitiva.<\/p>\n<p>En el turno de r\u00e9plicas, los grupos en la oposici\u00f3n han mostrado su malestar por el hecho de que las alegaciones y enmiendas que se han presentado en el documento no se hayan aceptado. En este sentido, el grupo municipal de ERC se ha quejado de que no se les tiene en cuenta en las decisiones importantes, a pesar de que el gobierno municipal hable de transparencia y participaci\u00f3n. El alcalde Fran Morancho ha puntualizado que el hecho de no aceptar las propuestas no tiene que ver con la transparencia y la comunicaci\u00f3n, aspectos por los que se vela, sino por una cuesti\u00f3n de puntos de vista diferentes a la hora de gobernar.<\/p>\n<p>Por su parte, el grupo municipal de CiU ha destacado que las propuestas presentadas no se han debatido para poder, as\u00ed, llegar a un consenso. En este sentido Morancho ha dicho que los grupos tienen las juntas de portavoces para poner encima de la mesa los temas que quieran dialogar.<\/p>\n<p>El grupo municipal de la FIC ha justificado la abstenci\u00f3n remarcando que &#8220;es el ROM que el equipo de gobierno considera que le va bien&#8221; y el grupo municipal de Ciudadanos ha argumentado el voto positivo por el hecho de entender que se trata de un documento vivo.<\/p>\n<p>La sesi\u00f3n plenaria tambi\u00e9n ha servido para aprobar la modificaci\u00f3n del r\u00e9gimen de dedicaci\u00f3n de dos concejales que pasan de retribuci\u00f3n por asistencia a dedicaci\u00f3n parcial del 65%. El equipo de gobierno ha explicado que este cambio no influye en el presupuesto debido a que la percepci\u00f3n econ\u00f3mica final es equivalente.<\/p>\n<p>El plenario tambi\u00e9n ha aceptado la renuncia al cargo de concejal presentada por Manuel Andreu Ruiz, del grupo municipal de CIU, a quien se ha querido agradecer el tiempo dedicado y el servicio prestado en el municipio.<\/p>\n<p><strong>Se aprueban 3 mociones<\/strong><\/p>\n<p>En el turno de mociones se ha aprobado por unanimidad la moci\u00f3n presentada por el grupo municipal de Ciudadanos para reclamar la deuda que el gobierno de la Generalitat tiene con el Ayuntamiento de Mont-roig del Camp. Se ha dado luz verde tambi\u00e9n a la moci\u00f3n del grupo municipal de CiU en la que se solicita a la Generalitat el registro de viviendas vac\u00edas del municipio para destinarlas a alquiler social. La tercera moci\u00f3n que ha quedado aprobada es la que ha presentado el grupo municipal del PSC sobre la ampliaci\u00f3n del Centro Recreativo y Tur\u00edstico de Vila-Seca Salou.<\/p>\n<p>Por otro lado ha quedado sobre la mesa, una moci\u00f3n de CiU para modificar el fraccionamiento de impuestos. Una propuesta que ya ha sido solicitada pero que, tal y como ha asegurado el gobierno, por una cuesti\u00f3n t\u00e9cnica de BASE, de momento, no es factible.<\/p>\n<p>El plenario ha finalizado con un acto de reconocimiento a la trabajadora Angelina Rovira que se ha jubilado despu\u00e9s de 27 a\u00f1os de servicio en el Ayuntamiento.<\/p>\n<p>&nbsp;<\/p>\n<p>&nbsp;<\/p>\n","protected":false},"excerpt":{"rendered":"<p>El plenario acepta el acto de renuncia del concejal Manuel Andreu Ruiz a quien se ha agradecio\u00a0los a\u00f1os de servicio y dedicaci\u00f3n en el municipio Se da luz verde a 3 mociones presentadas por los grupos municipales de Ciudadanos, CIU y PSC El Pleno del Ayuntamiento de Mont-roig del Camp, celebrado este mi\u00e9rcoles al mediod\u00eda, [&hellip;]<\/p>\n","protected":false},"author":4,"featured_media":9970,"comment_status":"closed","ping_status":"closed","sticky":false,"template":"","format":"standard","meta":{"inline_featured_image":false,"_monsterinsights_skip_tracking":false,"_monsterinsights_sitenote_active":false,"_monsterinsights_sitenote_note":"","_monsterinsights_sitenote_category":0,"footnotes":""},"categories":[98],"tags":[],"class_list":["post-9972","post","type-post","status-publish","format-standard","has-post-thumbnail","hentry","category-ayuntamiento"],"yoast_head":"<!-- This site is optimized with the Yoast SEO plugin v27.4 - https:\/\/yoast.com\/product\/yoast-seo-wordpress\/ -->\n<title>El Pleno del Ayuntamiento aprueba el Reglamento Org\u00e1nico Municipal (ROM) - Ajuntament de Mont-roig del Camp<\/title>\n<meta name=\"robots\" content=\"index, follow, max-snippet:-1, max-image-preview:large, max-video-preview:-1\" \/>\n<link rel=\"canonical\" href=\"https:\/\/mont-roig.cat\/es\/actualitat\/noticies\/pleno-del-ayuntamiento-aprueba-reglamento-organico-municipal-rom\/\" \/>\n<meta property=\"og:locale\" content=\"es_ES\" \/>\n<meta property=\"og:type\" content=\"article\" \/>\n<meta property=\"og:title\" content=\"El Pleno del Ayuntamiento aprueba el Reglamento Org\u00e1nico Municipal (ROM) - Ajuntament de Mont-roig del Camp\" \/>\n<meta property=\"og:description\" content=\"El plenario acepta el acto de renuncia del concejal Manuel Andreu Ruiz a quien se ha agradecio\u00a0los a\u00f1os de servicio y dedicaci\u00f3n en el municipio Se da luz verde a 3 mociones presentadas por los grupos municipales de Ciudadanos, CIU y PSC El Pleno del Ayuntamiento de Mont-roig del Camp, celebrado este mi\u00e9rcoles al mediod\u00eda, [&hellip;]\" \/>\n<meta property=\"og:url\" content=\"https:\/\/mont-roig.cat\/es\/actualitat\/noticies\/pleno-del-ayuntamiento-aprueba-reglamento-organico-municipal-rom\/\" \/>\n<meta property=\"og:site_name\" content=\"Ajuntament de Mont-roig del Camp\" \/>\n<meta property=\"article:published_time\" content=\"2016-03-09T15:28:16+00:00\" \/>\n<meta property=\"article:modified_time\" content=\"2016-03-09T15:38:17+00:00\" \/>\n<meta property=\"og:image\" content=\"https:\/\/mont-roig.cat\/wp-content\/uploads\/foto-ple-9-mar\u00e7-2016-votaci\u00f3-ROM.jpg\" \/>\n\t<meta property=\"og:image:width\" content=\"3264\" \/>\n\t<meta property=\"og:image:height\" content=\"2448\" \/>\n\t<meta property=\"og:image:type\" content=\"image\/jpeg\" \/>\n<meta name=\"author\" content=\"administrador\" \/>\n<meta name=\"twitter:card\" content=\"summary_large_image\" \/>\n<meta name=\"twitter:label1\" content=\"Escrito por\" \/>\n\t<meta name=\"twitter:data1\" content=\"administrador\" \/>\n\t<meta name=\"twitter:label2\" content=\"Tiempo de lectura\" \/>\n\t<meta name=\"twitter:data2\" content=\"3 minutos\" \/>\n<script type=\"application\/ld+json\" class=\"yoast-schema-graph\">{\"@context\":\"https:\\\/\\\/schema.org\",\"@graph\":[{\"@type\":\"Article\",\"@id\":\"https:\\\/\\\/mont-roig.cat\\\/es\\\/actualitat\\\/noticies\\\/pleno-del-ayuntamiento-aprueba-reglamento-organico-municipal-rom\\\/#article\",\"isPartOf\":{\"@id\":\"https:\\\/\\\/mont-roig.cat\\\/es\\\/actualitat\\\/noticies\\\/pleno-del-ayuntamiento-aprueba-reglamento-organico-municipal-rom\\\/\"},\"author\":{\"name\":\"administrador\",\"@id\":\"https:\\\/\\\/mont-roig.cat\\\/es\\\/#\\\/schema\\\/person\\\/f2b111789f22b7d0c3bd6786c9128cba\"},\"headline\":\"El Pleno del Ayuntamiento aprueba el Reglamento Org\u00e1nico Municipal (ROM)\",\"datePublished\":\"2016-03-09T15:28:16+00:00\",\"dateModified\":\"2016-03-09T15:38:17+00:00\",\"mainEntityOfPage\":{\"@id\":\"https:\\\/\\\/mont-roig.cat\\\/es\\\/actualitat\\\/noticies\\\/pleno-del-ayuntamiento-aprueba-reglamento-organico-municipal-rom\\\/\"},\"wordCount\":681,\"image\":{\"@id\":\"https:\\\/\\\/mont-roig.cat\\\/es\\\/actualitat\\\/noticies\\\/pleno-del-ayuntamiento-aprueba-reglamento-organico-municipal-rom\\\/#primaryimage\"},\"thumbnailUrl\":\"https:\\\/\\\/mont-roig.cat\\\/wp-content\\\/uploads\\\/foto-ple-9-mar\u00e7-2016-votaci\u00f3-ROM.jpg\",\"articleSection\":[\"Ayuntamiento\"],\"inLanguage\":\"es\"},{\"@type\":\"WebPage\",\"@id\":\"https:\\\/\\\/mont-roig.cat\\\/es\\\/actualitat\\\/noticies\\\/pleno-del-ayuntamiento-aprueba-reglamento-organico-municipal-rom\\\/\",\"url\":\"https:\\\/\\\/mont-roig.cat\\\/es\\\/actualitat\\\/noticies\\\/pleno-del-ayuntamiento-aprueba-reglamento-organico-municipal-rom\\\/\",\"name\":\"El Pleno del Ayuntamiento aprueba el Reglamento Org\u00e1nico Municipal (ROM) - Ajuntament de Mont-roig del Camp\",\"isPartOf\":{\"@id\":\"https:\\\/\\\/mont-roig.cat\\\/es\\\/#website\"},\"primaryImageOfPage\":{\"@id\":\"https:\\\/\\\/mont-roig.cat\\\/es\\\/actualitat\\\/noticies\\\/pleno-del-ayuntamiento-aprueba-reglamento-organico-municipal-rom\\\/#primaryimage\"},\"image\":{\"@id\":\"https:\\\/\\\/mont-roig.cat\\\/es\\\/actualitat\\\/noticies\\\/pleno-del-ayuntamiento-aprueba-reglamento-organico-municipal-rom\\\/#primaryimage\"},\"thumbnailUrl\":\"https:\\\/\\\/mont-roig.cat\\\/wp-content\\\/uploads\\\/foto-ple-9-mar\u00e7-2016-votaci\u00f3-ROM.jpg\",\"datePublished\":\"2016-03-09T15:28:16+00:00\",\"dateModified\":\"2016-03-09T15:38:17+00:00\",\"author\":{\"@id\":\"https:\\\/\\\/mont-roig.cat\\\/es\\\/#\\\/schema\\\/person\\\/f2b111789f22b7d0c3bd6786c9128cba\"},\"breadcrumb\":{\"@id\":\"https:\\\/\\\/mont-roig.cat\\\/es\\\/actualitat\\\/noticies\\\/pleno-del-ayuntamiento-aprueba-reglamento-organico-municipal-rom\\\/#breadcrumb\"},\"inLanguage\":\"es\",\"potentialAction\":[{\"@type\":\"ReadAction\",\"target\":[\"https:\\\/\\\/mont-roig.cat\\\/es\\\/actualitat\\\/noticies\\\/pleno-del-ayuntamiento-aprueba-reglamento-organico-municipal-rom\\\/\"]}]},{\"@type\":\"ImageObject\",\"inLanguage\":\"es\",\"@id\":\"https:\\\/\\\/mont-roig.cat\\\/es\\\/actualitat\\\/noticies\\\/pleno-del-ayuntamiento-aprueba-reglamento-organico-municipal-rom\\\/#primaryimage\",\"url\":\"https:\\\/\\\/mont-roig.cat\\\/wp-content\\\/uploads\\\/foto-ple-9-mar\u00e7-2016-votaci\u00f3-ROM.jpg\",\"contentUrl\":\"https:\\\/\\\/mont-roig.cat\\\/wp-content\\\/uploads\\\/foto-ple-9-mar\u00e7-2016-votaci\u00f3-ROM.jpg\",\"width\":3264,\"height\":2448},{\"@type\":\"BreadcrumbList\",\"@id\":\"https:\\\/\\\/mont-roig.cat\\\/es\\\/actualitat\\\/noticies\\\/pleno-del-ayuntamiento-aprueba-reglamento-organico-municipal-rom\\\/#breadcrumb\",\"itemListElement\":[{\"@type\":\"ListItem\",\"position\":1,\"name\":\"Inici\",\"item\":\"https:\\\/\\\/mont-roig.cat\\\/es\\\/pagina-de-inicio\\\/\"},{\"@type\":\"ListItem\",\"position\":2,\"name\":\"El Pleno del Ayuntamiento aprueba el Reglamento Org\u00e1nico Municipal (ROM)\"}]},{\"@type\":\"WebSite\",\"@id\":\"https:\\\/\\\/mont-roig.cat\\\/es\\\/#website\",\"url\":\"https:\\\/\\\/mont-roig.cat\\\/es\\\/\",\"name\":\"Ajuntament de Mont-roig del Camp\",\"description\":\"Tota la informaci\u00f3 sobre la instituci\u00f3, els seus \u00f2rgans de govern, actualitat, serveis i molt m\u00e9s.\",\"potentialAction\":[{\"@type\":\"SearchAction\",\"target\":{\"@type\":\"EntryPoint\",\"urlTemplate\":\"https:\\\/\\\/mont-roig.cat\\\/es\\\/?s={search_term_string}\"},\"query-input\":{\"@type\":\"PropertyValueSpecification\",\"valueRequired\":true,\"valueName\":\"search_term_string\"}}],\"inLanguage\":\"es\"},{\"@type\":\"Person\",\"@id\":\"https:\\\/\\\/mont-roig.cat\\\/es\\\/#\\\/schema\\\/person\\\/f2b111789f22b7d0c3bd6786c9128cba\",\"name\":\"administrador\",\"image\":{\"@type\":\"ImageObject\",\"inLanguage\":\"es\",\"@id\":\"https:\\\/\\\/secure.gravatar.com\\\/avatar\\\/9137aac6891e2595c9d3036fd83bcb653b4db3c946db4c7d9b9be193c3c944bb?s=96&d=mm&r=g\",\"url\":\"https:\\\/\\\/secure.gravatar.com\\\/avatar\\\/9137aac6891e2595c9d3036fd83bcb653b4db3c946db4c7d9b9be193c3c944bb?s=96&d=mm&r=g\",\"contentUrl\":\"https:\\\/\\\/secure.gravatar.com\\\/avatar\\\/9137aac6891e2595c9d3036fd83bcb653b4db3c946db4c7d9b9be193c3c944bb?s=96&d=mm&r=g\",\"caption\":\"administrador\"},\"url\":\"https:\\\/\\\/mont-roig.cat\\\/es\\\/actualitat\\\/noticies\\\/author\\\/administrador\\\/\"}]}<\/script>\n<!-- \/ Yoast SEO plugin. -->","yoast_head_json":{"title":"El Pleno del Ayuntamiento aprueba el Reglamento Org\u00e1nico Municipal (ROM) - Ajuntament de Mont-roig del Camp","robots":{"index":"index","follow":"follow","max-snippet":"max-snippet:-1","max-image-preview":"max-image-preview:large","max-video-preview":"max-video-preview:-1"},"canonical":"https:\/\/mont-roig.cat\/es\/actualitat\/noticies\/pleno-del-ayuntamiento-aprueba-reglamento-organico-municipal-rom\/","og_locale":"es_ES","og_type":"article","og_title":"El Pleno del Ayuntamiento aprueba el Reglamento Org\u00e1nico Municipal (ROM) - Ajuntament de Mont-roig del Camp","og_description":"El plenario acepta el acto de renuncia del concejal Manuel Andreu Ruiz a quien se ha agradecio\u00a0los a\u00f1os de servicio y dedicaci\u00f3n en el municipio Se da luz verde a 3 mociones presentadas por los grupos municipales de Ciudadanos, CIU y PSC El Pleno del Ayuntamiento de Mont-roig del Camp, celebrado este mi\u00e9rcoles al mediod\u00eda, [&hellip;]","og_url":"https:\/\/mont-roig.cat\/es\/actualitat\/noticies\/pleno-del-ayuntamiento-aprueba-reglamento-organico-municipal-rom\/","og_site_name":"Ajuntament de Mont-roig del Camp","article_published_time":"2016-03-09T15:28:16+00:00","article_modified_time":"2016-03-09T15:38:17+00:00","og_image":[{"width":3264,"height":2448,"url":"https:\/\/mont-roig.cat\/wp-content\/uploads\/foto-ple-9-mar\u00e7-2016-votaci\u00f3-ROM.jpg","type":"image\/jpeg"}],"author":"administrador","twitter_card":"summary_large_image","twitter_misc":{"Escrito por":"administrador","Tiempo de lectura":"3 minutos"},"schema":{"@context":"https:\/\/schema.org","@graph":[{"@type":"Article","@id":"https:\/\/mont-roig.cat\/es\/actualitat\/noticies\/pleno-del-ayuntamiento-aprueba-reglamento-organico-municipal-rom\/#article","isPartOf":{"@id":"https:\/\/mont-roig.cat\/es\/actualitat\/noticies\/pleno-del-ayuntamiento-aprueba-reglamento-organico-municipal-rom\/"},"author":{"name":"administrador","@id":"https:\/\/mont-roig.cat\/es\/#\/schema\/person\/f2b111789f22b7d0c3bd6786c9128cba"},"headline":"El Pleno del Ayuntamiento aprueba el Reglamento Org\u00e1nico Municipal (ROM)","datePublished":"2016-03-09T15:28:16+00:00","dateModified":"2016-03-09T15:38:17+00:00","mainEntityOfPage":{"@id":"https:\/\/mont-roig.cat\/es\/actualitat\/noticies\/pleno-del-ayuntamiento-aprueba-reglamento-organico-municipal-rom\/"},"wordCount":681,"image":{"@id":"https:\/\/mont-roig.cat\/es\/actualitat\/noticies\/pleno-del-ayuntamiento-aprueba-reglamento-organico-municipal-rom\/#primaryimage"},"thumbnailUrl":"https:\/\/mont-roig.cat\/wp-content\/uploads\/foto-ple-9-mar\u00e7-2016-votaci\u00f3-ROM.jpg","articleSection":["Ayuntamiento"],"inLanguage":"es"},{"@type":"WebPage","@id":"https:\/\/mont-roig.cat\/es\/actualitat\/noticies\/pleno-del-ayuntamiento-aprueba-reglamento-organico-municipal-rom\/","url":"https:\/\/mont-roig.cat\/es\/actualitat\/noticies\/pleno-del-ayuntamiento-aprueba-reglamento-organico-municipal-rom\/","name":"El Pleno del Ayuntamiento aprueba el Reglamento Org\u00e1nico Municipal (ROM) - Ajuntament de Mont-roig del Camp","isPartOf":{"@id":"https:\/\/mont-roig.cat\/es\/#website"},"primaryImageOfPage":{"@id":"https:\/\/mont-roig.cat\/es\/actualitat\/noticies\/pleno-del-ayuntamiento-aprueba-reglamento-organico-municipal-rom\/#primaryimage"},"image":{"@id":"https:\/\/mont-roig.cat\/es\/actualitat\/noticies\/pleno-del-ayuntamiento-aprueba-reglamento-organico-municipal-rom\/#primaryimage"},"thumbnailUrl":"https:\/\/mont-roig.cat\/wp-content\/uploads\/foto-ple-9-mar\u00e7-2016-votaci\u00f3-ROM.jpg","datePublished":"2016-03-09T15:28:16+00:00","dateModified":"2016-03-09T15:38:17+00:00","author":{"@id":"https:\/\/mont-roig.cat\/es\/#\/schema\/person\/f2b111789f22b7d0c3bd6786c9128cba"},"breadcrumb":{"@id":"https:\/\/mont-roig.cat\/es\/actualitat\/noticies\/pleno-del-ayuntamiento-aprueba-reglamento-organico-municipal-rom\/#breadcrumb"},"inLanguage":"es","potentialAction":[{"@type":"ReadAction","target":["https:\/\/mont-roig.cat\/es\/actualitat\/noticies\/pleno-del-ayuntamiento-aprueba-reglamento-organico-municipal-rom\/"]}]},{"@type":"ImageObject","inLanguage":"es","@id":"https:\/\/mont-roig.cat\/es\/actualitat\/noticies\/pleno-del-ayuntamiento-aprueba-reglamento-organico-municipal-rom\/#primaryimage","url":"https:\/\/mont-roig.cat\/wp-content\/uploads\/foto-ple-9-mar\u00e7-2016-votaci\u00f3-ROM.jpg","contentUrl":"https:\/\/mont-roig.cat\/wp-content\/uploads\/foto-ple-9-mar\u00e7-2016-votaci\u00f3-ROM.jpg","width":3264,"height":2448},{"@type":"BreadcrumbList","@id":"https:\/\/mont-roig.cat\/es\/actualitat\/noticies\/pleno-del-ayuntamiento-aprueba-reglamento-organico-municipal-rom\/#breadcrumb","itemListElement":[{"@type":"ListItem","position":1,"name":"Inici","item":"https:\/\/mont-roig.cat\/es\/pagina-de-inicio\/"},{"@type":"ListItem","position":2,"name":"El Pleno del Ayuntamiento aprueba el Reglamento Org\u00e1nico Municipal (ROM)"}]},{"@type":"WebSite","@id":"https:\/\/mont-roig.cat\/es\/#website","url":"https:\/\/mont-roig.cat\/es\/","name":"Ajuntament de Mont-roig del Camp","description":"Tota la informaci\u00f3 sobre la instituci\u00f3, els seus \u00f2rgans de govern, actualitat, serveis i molt m\u00e9s.","potentialAction":[{"@type":"SearchAction","target":{"@type":"EntryPoint","urlTemplate":"https:\/\/mont-roig.cat\/es\/?s={search_term_string}"},"query-input":{"@type":"PropertyValueSpecification","valueRequired":true,"valueName":"search_term_string"}}],"inLanguage":"es"},{"@type":"Person","@id":"https:\/\/mont-roig.cat\/es\/#\/schema\/person\/f2b111789f22b7d0c3bd6786c9128cba","name":"administrador","image":{"@type":"ImageObject","inLanguage":"es","@id":"https:\/\/secure.gravatar.com\/avatar\/9137aac6891e2595c9d3036fd83bcb653b4db3c946db4c7d9b9be193c3c944bb?s=96&d=mm&r=g","url":"https:\/\/secure.gravatar.com\/avatar\/9137aac6891e2595c9d3036fd83bcb653b4db3c946db4c7d9b9be193c3c944bb?s=96&d=mm&r=g","contentUrl":"https:\/\/secure.gravatar.com\/avatar\/9137aac6891e2595c9d3036fd83bcb653b4db3c946db4c7d9b9be193c3c944bb?s=96&d=mm&r=g","caption":"administrador"},"url":"https:\/\/mont-roig.cat\/es\/actualitat\/noticies\/author\/administrador\/"}]}},"_links":{"self":[{"href":"https:\/\/mont-roig.cat\/es\/wp-json\/wp\/v2\/posts\/9972","targetHints":{"allow":["GET"]}}],"collection":[{"href":"https:\/\/mont-roig.cat\/es\/wp-json\/wp\/v2\/posts"}],"about":[{"href":"https:\/\/mont-roig.cat\/es\/wp-json\/wp\/v2\/types\/post"}],"author":[{"embeddable":true,"href":"https:\/\/mont-roig.cat\/es\/wp-json\/wp\/v2\/users\/4"}],"replies":[{"embeddable":true,"href":"https:\/\/mont-roig.cat\/es\/wp-json\/wp\/v2\/comments?post=9972"}],"version-history":[{"count":0,"href":"https:\/\/mont-roig.cat\/es\/wp-json\/wp\/v2\/posts\/9972\/revisions"}],"wp:featuredmedia":[{"embeddable":true,"href":"https:\/\/mont-roig.cat\/es\/wp-json\/wp\/v2\/media\/9970"}],"wp:attachment":[{"href":"https:\/\/mont-roig.cat\/es\/wp-json\/wp\/v2\/media?parent=9972"}],"wp:term":[{"taxonomy":"category","embeddable":true,"href":"https:\/\/mont-roig.cat\/es\/wp-json\/wp\/v2\/categories?post=9972"},{"taxonomy":"post_tag","embeddable":true,"href":"https:\/\/mont-roig.cat\/es\/wp-json\/wp\/v2\/tags?post=9972"}],"curies":[{"name":"wp","href":"https:\/\/api.w.org\/{rel}","templated":true}]}}