{"id":9999,"date":"2016-03-10T14:21:07","date_gmt":"2016-03-10T13:21:07","guid":{"rendered":"http:\/\/mont-roig.cat\/es\/?p=9999"},"modified":"2016-03-10T14:21:07","modified_gmt":"2016-03-10T13:21:07","slug":"ayuntamiento-patrocina-al-ciclista-jose-carlos-pacheco-participar-la-carrera-absa-cape-epic-2016","status":"publish","type":"post","link":"https:\/\/mont-roig.cat\/es\/actualitat\/noticies\/ayuntamiento-patrocina-al-ciclista-jose-carlos-pacheco-participar-la-carrera-absa-cape-epic-2016\/","title":{"rendered":"El Ayuntamiento patrocina al ciclista Jos\u00e9 Carlos Pacheco para participar en la carrera Absa Cape Epic 2016"},"content":{"rendered":"<div id=\"attachment_9997\" style=\"width: 311px\" class=\"wp-caption alignright\"><a href=\"http:\/\/mont-roig.cat\/wp-content\/uploads\/Jos\u00e9-Carlos-Pacheco-amb-lequip-Cansa-Tarraco.jpg\" rel=\"attachment wp-att-9997\"><img loading=\"lazy\" decoding=\"async\" aria-describedby=\"caption-attachment-9997\" class=\"wp-image-9997\" src=\"http:\/\/mont-roig.cat\/wp-content\/uploads\/Jos\u00e9-Carlos-Pacheco-amb-lequip-Cansa-Tarraco-500x281.jpg\" alt=\"Jos\u00e9 Carlos Pacheco amb l'equip Cansa Tarraco\" width=\"301\" height=\"169\" srcset=\"https:\/\/mont-roig.cat\/wp-content\/uploads\/Jos\u00e9-Carlos-Pacheco-amb-lequip-Cansa-Tarraco-500x281.jpg 500w, https:\/\/mont-roig.cat\/wp-content\/uploads\/Jos\u00e9-Carlos-Pacheco-amb-lequip-Cansa-Tarraco-768x432.jpg 768w, https:\/\/mont-roig.cat\/wp-content\/uploads\/Jos\u00e9-Carlos-Pacheco-amb-lequip-Cansa-Tarraco-1024x576.jpg 1024w, https:\/\/mont-roig.cat\/wp-content\/uploads\/Jos\u00e9-Carlos-Pacheco-amb-lequip-Cansa-Tarraco.jpg 1600w\" sizes=\"auto, (max-width: 301px) 100vw, 301px\" \/><\/a><p id=\"caption-attachment-9997\" class=\"wp-caption-text\">Jos\u00e9 Carlos Pacheco con el equipo Cansa Tarraco<\/p><\/div>\n<p><strong>El deportista de Miami Platja se marcha hoy a Sud\u00e1frica para disputar una de las carreras de bicicleta de monta\u00f1a m\u00e1s competitivas del mundo<\/strong><\/p>\n<p>El Ayuntamiento de Mont-roig del Camp es uno de los patrocinadores del ciclista de Miami Platja Jos\u00e9 Carlos Pacheco y su equipo Cansa Tarraco, que hoy se marchan a\u00a0Sud\u00e1frica para participar en una de las carreras de bicicleta de monta\u00f1a m\u00e1s duras y competitivas del mundo. Se trata de la Absa Cape Epic 2016, que se celebrar\u00e1 del 13 al 20 de marzo y que cuenta con 6 etapas, casi 800 kil\u00f3metros y cerca de 16.000 metros de desnivel acumulado.<\/p>\n<p>Los miembros del equipo, formado por 12 corredores, lucir\u00e1n en su maillot el logotipo del Ayuntamiento, difundiendo el nombre del municipio en una competici\u00f3n que cada a\u00f1o re\u00fane a m\u00e1s de 12.000 participantes venidos de m\u00faltiples pa\u00edses.<\/p>\n<p>Esta es la primera vez que Pacheco, se enfrenta a esta competici\u00f3n, aunque recientemente ha participado en otras carreras de nivel nacional e internacional como la Titan Desert (2012), la Andaluc\u00eda Bike Race (2014 a 2015), la Madrid- Lisboa (2014) y la Rioja Bike (2015). En esta ocasi\u00f3n la participaci\u00f3n tiene una finalidad solidaria, pues el equipo con el que participa, el Cansa Tarraco, corre a favor de la fundaci\u00f3n Cansa, una organizaci\u00f3n sin \u00e1nimo de lucro que lucha contra el c\u00e1ncer infantil en Sud\u00e1frica.<\/p>\n<p><strong>El consistorio estudiar\u00e1 establecer nuevos acuerdos de patrocinio<\/strong><\/p>\n<p>Precisamente el patrocinio y la esponsorizaci\u00f3n a deportistas del municipio ha sido uno de los temas tratados en el Pleno del Ayuntamiento celebrado este mi\u00e9rcoles. El concejal de Deportes Angel Redondo, explic\u00f3 que el consistorio ha llevado a cabo dos acuerdos de patrocinio con deportistas que realizan actividades que tienen una repercusi\u00f3n medi\u00e1tica importante y que difunden el nombre de Mont-roig del Camp a nivel internacional. En este sentido Redondo ha explicado que est\u00e1n estudiando otros patrocinios que, por un lado permiten ayudar a los deportistas y por otro promocionan el municipio.<\/p>\n","protected":false},"excerpt":{"rendered":"<p>El deportista de Miami Platja se marcha hoy a Sud\u00e1frica para disputar una de las carreras de bicicleta de monta\u00f1a m\u00e1s competitivas del mundo El Ayuntamiento de Mont-roig del Camp es uno de los patrocinadores del ciclista de Miami Platja Jos\u00e9 Carlos Pacheco y su equipo Cansa Tarraco, que hoy se marchan a\u00a0Sud\u00e1frica para participar [&hellip;]<\/p>\n","protected":false},"author":4,"featured_media":9997,"comment_status":"closed","ping_status":"closed","sticky":false,"template":"","format":"standard","meta":{"inline_featured_image":false,"_monsterinsights_skip_tracking":false,"_monsterinsights_sitenote_active":false,"_monsterinsights_sitenote_note":"","_monsterinsights_sitenote_category":0,"footnotes":""},"categories":[104],"tags":[],"class_list":["post-9999","post","type-post","status-publish","format-standard","has-post-thumbnail","hentry","category-deportes"],"yoast_head":"<!-- This site is optimized with the Yoast SEO plugin v27.4 - https:\/\/yoast.com\/product\/yoast-seo-wordpress\/ -->\n<title>El Ayuntamiento patrocina al ciclista Jos\u00e9 Carlos Pacheco para participar en la carrera Absa Cape Epic 2016 - Ajuntament de Mont-roig del Camp<\/title>\n<meta name=\"robots\" content=\"index, follow, max-snippet:-1, max-image-preview:large, max-video-preview:-1\" \/>\n<link rel=\"canonical\" href=\"https:\/\/mont-roig.cat\/es\/actualitat\/noticies\/ayuntamiento-patrocina-al-ciclista-jose-carlos-pacheco-participar-la-carrera-absa-cape-epic-2016\/\" \/>\n<meta property=\"og:locale\" content=\"es_ES\" \/>\n<meta property=\"og:type\" content=\"article\" \/>\n<meta property=\"og:title\" content=\"El Ayuntamiento patrocina al ciclista Jos\u00e9 Carlos Pacheco para participar en la carrera Absa Cape Epic 2016 - Ajuntament de Mont-roig del Camp\" \/>\n<meta property=\"og:description\" content=\"El deportista de Miami Platja se marcha hoy a Sud\u00e1frica para disputar una de las carreras de bicicleta de monta\u00f1a m\u00e1s competitivas del mundo El Ayuntamiento de Mont-roig del Camp es uno de los patrocinadores del ciclista de Miami Platja Jos\u00e9 Carlos Pacheco y su equipo Cansa Tarraco, que hoy se marchan a\u00a0Sud\u00e1frica para participar [&hellip;]\" \/>\n<meta property=\"og:url\" content=\"https:\/\/mont-roig.cat\/es\/actualitat\/noticies\/ayuntamiento-patrocina-al-ciclista-jose-carlos-pacheco-participar-la-carrera-absa-cape-epic-2016\/\" \/>\n<meta property=\"og:site_name\" content=\"Ajuntament de Mont-roig del Camp\" \/>\n<meta property=\"article:published_time\" content=\"2016-03-10T13:21:07+00:00\" \/>\n<meta property=\"og:image\" content=\"https:\/\/mont-roig.cat\/wp-content\/uploads\/Jos\u00e9-Carlos-Pacheco-amb-lequip-Cansa-Tarraco.jpg\" \/>\n\t<meta property=\"og:image:width\" content=\"1600\" \/>\n\t<meta property=\"og:image:height\" content=\"900\" \/>\n\t<meta property=\"og:image:type\" content=\"image\/jpeg\" \/>\n<meta name=\"author\" content=\"administrador\" \/>\n<meta name=\"twitter:card\" content=\"summary_large_image\" \/>\n<meta name=\"twitter:label1\" content=\"Escrito por\" \/>\n\t<meta name=\"twitter:data1\" content=\"administrador\" \/>\n\t<meta name=\"twitter:label2\" content=\"Tiempo de lectura\" \/>\n\t<meta name=\"twitter:data2\" content=\"2 minutos\" \/>\n<script type=\"application\/ld+json\" class=\"yoast-schema-graph\">{\"@context\":\"https:\\\/\\\/schema.org\",\"@graph\":[{\"@type\":\"Article\",\"@id\":\"https:\\\/\\\/mont-roig.cat\\\/es\\\/actualitat\\\/noticies\\\/ayuntamiento-patrocina-al-ciclista-jose-carlos-pacheco-participar-la-carrera-absa-cape-epic-2016\\\/#article\",\"isPartOf\":{\"@id\":\"https:\\\/\\\/mont-roig.cat\\\/es\\\/actualitat\\\/noticies\\\/ayuntamiento-patrocina-al-ciclista-jose-carlos-pacheco-participar-la-carrera-absa-cape-epic-2016\\\/\"},\"author\":{\"name\":\"administrador\",\"@id\":\"https:\\\/\\\/mont-roig.cat\\\/es\\\/#\\\/schema\\\/person\\\/f2b111789f22b7d0c3bd6786c9128cba\"},\"headline\":\"El Ayuntamiento patrocina al ciclista Jos\u00e9 Carlos Pacheco para participar en la carrera Absa Cape Epic 2016\",\"datePublished\":\"2016-03-10T13:21:07+00:00\",\"mainEntityOfPage\":{\"@id\":\"https:\\\/\\\/mont-roig.cat\\\/es\\\/actualitat\\\/noticies\\\/ayuntamiento-patrocina-al-ciclista-jose-carlos-pacheco-participar-la-carrera-absa-cape-epic-2016\\\/\"},\"wordCount\":372,\"image\":{\"@id\":\"https:\\\/\\\/mont-roig.cat\\\/es\\\/actualitat\\\/noticies\\\/ayuntamiento-patrocina-al-ciclista-jose-carlos-pacheco-participar-la-carrera-absa-cape-epic-2016\\\/#primaryimage\"},\"thumbnailUrl\":\"https:\\\/\\\/mont-roig.cat\\\/wp-content\\\/uploads\\\/Jos\u00e9-Carlos-Pacheco-amb-lequip-Cansa-Tarraco.jpg\",\"articleSection\":[\"Deportes\"],\"inLanguage\":\"es\"},{\"@type\":\"WebPage\",\"@id\":\"https:\\\/\\\/mont-roig.cat\\\/es\\\/actualitat\\\/noticies\\\/ayuntamiento-patrocina-al-ciclista-jose-carlos-pacheco-participar-la-carrera-absa-cape-epic-2016\\\/\",\"url\":\"https:\\\/\\\/mont-roig.cat\\\/es\\\/actualitat\\\/noticies\\\/ayuntamiento-patrocina-al-ciclista-jose-carlos-pacheco-participar-la-carrera-absa-cape-epic-2016\\\/\",\"name\":\"El Ayuntamiento patrocina al ciclista Jos\u00e9 Carlos Pacheco para participar en la carrera Absa Cape Epic 2016 - Ajuntament de Mont-roig del Camp\",\"isPartOf\":{\"@id\":\"https:\\\/\\\/mont-roig.cat\\\/es\\\/#website\"},\"primaryImageOfPage\":{\"@id\":\"https:\\\/\\\/mont-roig.cat\\\/es\\\/actualitat\\\/noticies\\\/ayuntamiento-patrocina-al-ciclista-jose-carlos-pacheco-participar-la-carrera-absa-cape-epic-2016\\\/#primaryimage\"},\"image\":{\"@id\":\"https:\\\/\\\/mont-roig.cat\\\/es\\\/actualitat\\\/noticies\\\/ayuntamiento-patrocina-al-ciclista-jose-carlos-pacheco-participar-la-carrera-absa-cape-epic-2016\\\/#primaryimage\"},\"thumbnailUrl\":\"https:\\\/\\\/mont-roig.cat\\\/wp-content\\\/uploads\\\/Jos\u00e9-Carlos-Pacheco-amb-lequip-Cansa-Tarraco.jpg\",\"datePublished\":\"2016-03-10T13:21:07+00:00\",\"author\":{\"@id\":\"https:\\\/\\\/mont-roig.cat\\\/es\\\/#\\\/schema\\\/person\\\/f2b111789f22b7d0c3bd6786c9128cba\"},\"breadcrumb\":{\"@id\":\"https:\\\/\\\/mont-roig.cat\\\/es\\\/actualitat\\\/noticies\\\/ayuntamiento-patrocina-al-ciclista-jose-carlos-pacheco-participar-la-carrera-absa-cape-epic-2016\\\/#breadcrumb\"},\"inLanguage\":\"es\",\"potentialAction\":[{\"@type\":\"ReadAction\",\"target\":[\"https:\\\/\\\/mont-roig.cat\\\/es\\\/actualitat\\\/noticies\\\/ayuntamiento-patrocina-al-ciclista-jose-carlos-pacheco-participar-la-carrera-absa-cape-epic-2016\\\/\"]}]},{\"@type\":\"ImageObject\",\"inLanguage\":\"es\",\"@id\":\"https:\\\/\\\/mont-roig.cat\\\/es\\\/actualitat\\\/noticies\\\/ayuntamiento-patrocina-al-ciclista-jose-carlos-pacheco-participar-la-carrera-absa-cape-epic-2016\\\/#primaryimage\",\"url\":\"https:\\\/\\\/mont-roig.cat\\\/wp-content\\\/uploads\\\/Jos\u00e9-Carlos-Pacheco-amb-lequip-Cansa-Tarraco.jpg\",\"contentUrl\":\"https:\\\/\\\/mont-roig.cat\\\/wp-content\\\/uploads\\\/Jos\u00e9-Carlos-Pacheco-amb-lequip-Cansa-Tarraco.jpg\",\"width\":1600,\"height\":900},{\"@type\":\"BreadcrumbList\",\"@id\":\"https:\\\/\\\/mont-roig.cat\\\/es\\\/actualitat\\\/noticies\\\/ayuntamiento-patrocina-al-ciclista-jose-carlos-pacheco-participar-la-carrera-absa-cape-epic-2016\\\/#breadcrumb\",\"itemListElement\":[{\"@type\":\"ListItem\",\"position\":1,\"name\":\"Inici\",\"item\":\"https:\\\/\\\/mont-roig.cat\\\/es\\\/pagina-de-inicio\\\/\"},{\"@type\":\"ListItem\",\"position\":2,\"name\":\"El Ayuntamiento patrocina al ciclista Jos\u00e9 Carlos Pacheco para participar en la carrera Absa Cape Epic 2016\"}]},{\"@type\":\"WebSite\",\"@id\":\"https:\\\/\\\/mont-roig.cat\\\/es\\\/#website\",\"url\":\"https:\\\/\\\/mont-roig.cat\\\/es\\\/\",\"name\":\"Ajuntament de Mont-roig del Camp\",\"description\":\"Tota la informaci\u00f3 sobre la instituci\u00f3, els seus \u00f2rgans de govern, actualitat, serveis i molt m\u00e9s.\",\"potentialAction\":[{\"@type\":\"SearchAction\",\"target\":{\"@type\":\"EntryPoint\",\"urlTemplate\":\"https:\\\/\\\/mont-roig.cat\\\/es\\\/?s={search_term_string}\"},\"query-input\":{\"@type\":\"PropertyValueSpecification\",\"valueRequired\":true,\"valueName\":\"search_term_string\"}}],\"inLanguage\":\"es\"},{\"@type\":\"Person\",\"@id\":\"https:\\\/\\\/mont-roig.cat\\\/es\\\/#\\\/schema\\\/person\\\/f2b111789f22b7d0c3bd6786c9128cba\",\"name\":\"administrador\",\"image\":{\"@type\":\"ImageObject\",\"inLanguage\":\"es\",\"@id\":\"https:\\\/\\\/secure.gravatar.com\\\/avatar\\\/9137aac6891e2595c9d3036fd83bcb653b4db3c946db4c7d9b9be193c3c944bb?s=96&d=mm&r=g\",\"url\":\"https:\\\/\\\/secure.gravatar.com\\\/avatar\\\/9137aac6891e2595c9d3036fd83bcb653b4db3c946db4c7d9b9be193c3c944bb?s=96&d=mm&r=g\",\"contentUrl\":\"https:\\\/\\\/secure.gravatar.com\\\/avatar\\\/9137aac6891e2595c9d3036fd83bcb653b4db3c946db4c7d9b9be193c3c944bb?s=96&d=mm&r=g\",\"caption\":\"administrador\"},\"url\":\"https:\\\/\\\/mont-roig.cat\\\/es\\\/actualitat\\\/noticies\\\/author\\\/administrador\\\/\"}]}<\/script>\n<!-- \/ Yoast SEO plugin. -->","yoast_head_json":{"title":"El Ayuntamiento patrocina al ciclista Jos\u00e9 Carlos Pacheco para participar en la carrera Absa Cape Epic 2016 - Ajuntament de Mont-roig del Camp","robots":{"index":"index","follow":"follow","max-snippet":"max-snippet:-1","max-image-preview":"max-image-preview:large","max-video-preview":"max-video-preview:-1"},"canonical":"https:\/\/mont-roig.cat\/es\/actualitat\/noticies\/ayuntamiento-patrocina-al-ciclista-jose-carlos-pacheco-participar-la-carrera-absa-cape-epic-2016\/","og_locale":"es_ES","og_type":"article","og_title":"El Ayuntamiento patrocina al ciclista Jos\u00e9 Carlos Pacheco para participar en la carrera Absa Cape Epic 2016 - Ajuntament de Mont-roig del Camp","og_description":"El deportista de Miami Platja se marcha hoy a Sud\u00e1frica para disputar una de las carreras de bicicleta de monta\u00f1a m\u00e1s competitivas del mundo El Ayuntamiento de Mont-roig del Camp es uno de los patrocinadores del ciclista de Miami Platja Jos\u00e9 Carlos Pacheco y su equipo Cansa Tarraco, que hoy se marchan a\u00a0Sud\u00e1frica para participar [&hellip;]","og_url":"https:\/\/mont-roig.cat\/es\/actualitat\/noticies\/ayuntamiento-patrocina-al-ciclista-jose-carlos-pacheco-participar-la-carrera-absa-cape-epic-2016\/","og_site_name":"Ajuntament de Mont-roig del Camp","article_published_time":"2016-03-10T13:21:07+00:00","og_image":[{"width":1600,"height":900,"url":"https:\/\/mont-roig.cat\/wp-content\/uploads\/Jos\u00e9-Carlos-Pacheco-amb-lequip-Cansa-Tarraco.jpg","type":"image\/jpeg"}],"author":"administrador","twitter_card":"summary_large_image","twitter_misc":{"Escrito por":"administrador","Tiempo de lectura":"2 minutos"},"schema":{"@context":"https:\/\/schema.org","@graph":[{"@type":"Article","@id":"https:\/\/mont-roig.cat\/es\/actualitat\/noticies\/ayuntamiento-patrocina-al-ciclista-jose-carlos-pacheco-participar-la-carrera-absa-cape-epic-2016\/#article","isPartOf":{"@id":"https:\/\/mont-roig.cat\/es\/actualitat\/noticies\/ayuntamiento-patrocina-al-ciclista-jose-carlos-pacheco-participar-la-carrera-absa-cape-epic-2016\/"},"author":{"name":"administrador","@id":"https:\/\/mont-roig.cat\/es\/#\/schema\/person\/f2b111789f22b7d0c3bd6786c9128cba"},"headline":"El Ayuntamiento patrocina al ciclista Jos\u00e9 Carlos Pacheco para participar en la carrera Absa Cape Epic 2016","datePublished":"2016-03-10T13:21:07+00:00","mainEntityOfPage":{"@id":"https:\/\/mont-roig.cat\/es\/actualitat\/noticies\/ayuntamiento-patrocina-al-ciclista-jose-carlos-pacheco-participar-la-carrera-absa-cape-epic-2016\/"},"wordCount":372,"image":{"@id":"https:\/\/mont-roig.cat\/es\/actualitat\/noticies\/ayuntamiento-patrocina-al-ciclista-jose-carlos-pacheco-participar-la-carrera-absa-cape-epic-2016\/#primaryimage"},"thumbnailUrl":"https:\/\/mont-roig.cat\/wp-content\/uploads\/Jos\u00e9-Carlos-Pacheco-amb-lequip-Cansa-Tarraco.jpg","articleSection":["Deportes"],"inLanguage":"es"},{"@type":"WebPage","@id":"https:\/\/mont-roig.cat\/es\/actualitat\/noticies\/ayuntamiento-patrocina-al-ciclista-jose-carlos-pacheco-participar-la-carrera-absa-cape-epic-2016\/","url":"https:\/\/mont-roig.cat\/es\/actualitat\/noticies\/ayuntamiento-patrocina-al-ciclista-jose-carlos-pacheco-participar-la-carrera-absa-cape-epic-2016\/","name":"El Ayuntamiento patrocina al ciclista Jos\u00e9 Carlos Pacheco para participar en la carrera Absa Cape Epic 2016 - Ajuntament de Mont-roig del Camp","isPartOf":{"@id":"https:\/\/mont-roig.cat\/es\/#website"},"primaryImageOfPage":{"@id":"https:\/\/mont-roig.cat\/es\/actualitat\/noticies\/ayuntamiento-patrocina-al-ciclista-jose-carlos-pacheco-participar-la-carrera-absa-cape-epic-2016\/#primaryimage"},"image":{"@id":"https:\/\/mont-roig.cat\/es\/actualitat\/noticies\/ayuntamiento-patrocina-al-ciclista-jose-carlos-pacheco-participar-la-carrera-absa-cape-epic-2016\/#primaryimage"},"thumbnailUrl":"https:\/\/mont-roig.cat\/wp-content\/uploads\/Jos\u00e9-Carlos-Pacheco-amb-lequip-Cansa-Tarraco.jpg","datePublished":"2016-03-10T13:21:07+00:00","author":{"@id":"https:\/\/mont-roig.cat\/es\/#\/schema\/person\/f2b111789f22b7d0c3bd6786c9128cba"},"breadcrumb":{"@id":"https:\/\/mont-roig.cat\/es\/actualitat\/noticies\/ayuntamiento-patrocina-al-ciclista-jose-carlos-pacheco-participar-la-carrera-absa-cape-epic-2016\/#breadcrumb"},"inLanguage":"es","potentialAction":[{"@type":"ReadAction","target":["https:\/\/mont-roig.cat\/es\/actualitat\/noticies\/ayuntamiento-patrocina-al-ciclista-jose-carlos-pacheco-participar-la-carrera-absa-cape-epic-2016\/"]}]},{"@type":"ImageObject","inLanguage":"es","@id":"https:\/\/mont-roig.cat\/es\/actualitat\/noticies\/ayuntamiento-patrocina-al-ciclista-jose-carlos-pacheco-participar-la-carrera-absa-cape-epic-2016\/#primaryimage","url":"https:\/\/mont-roig.cat\/wp-content\/uploads\/Jos\u00e9-Carlos-Pacheco-amb-lequip-Cansa-Tarraco.jpg","contentUrl":"https:\/\/mont-roig.cat\/wp-content\/uploads\/Jos\u00e9-Carlos-Pacheco-amb-lequip-Cansa-Tarraco.jpg","width":1600,"height":900},{"@type":"BreadcrumbList","@id":"https:\/\/mont-roig.cat\/es\/actualitat\/noticies\/ayuntamiento-patrocina-al-ciclista-jose-carlos-pacheco-participar-la-carrera-absa-cape-epic-2016\/#breadcrumb","itemListElement":[{"@type":"ListItem","position":1,"name":"Inici","item":"https:\/\/mont-roig.cat\/es\/pagina-de-inicio\/"},{"@type":"ListItem","position":2,"name":"El Ayuntamiento patrocina al ciclista Jos\u00e9 Carlos Pacheco para participar en la carrera Absa Cape Epic 2016"}]},{"@type":"WebSite","@id":"https:\/\/mont-roig.cat\/es\/#website","url":"https:\/\/mont-roig.cat\/es\/","name":"Ajuntament de Mont-roig del Camp","description":"Tota la informaci\u00f3 sobre la instituci\u00f3, els seus \u00f2rgans de govern, actualitat, serveis i molt m\u00e9s.","potentialAction":[{"@type":"SearchAction","target":{"@type":"EntryPoint","urlTemplate":"https:\/\/mont-roig.cat\/es\/?s={search_term_string}"},"query-input":{"@type":"PropertyValueSpecification","valueRequired":true,"valueName":"search_term_string"}}],"inLanguage":"es"},{"@type":"Person","@id":"https:\/\/mont-roig.cat\/es\/#\/schema\/person\/f2b111789f22b7d0c3bd6786c9128cba","name":"administrador","image":{"@type":"ImageObject","inLanguage":"es","@id":"https:\/\/secure.gravatar.com\/avatar\/9137aac6891e2595c9d3036fd83bcb653b4db3c946db4c7d9b9be193c3c944bb?s=96&d=mm&r=g","url":"https:\/\/secure.gravatar.com\/avatar\/9137aac6891e2595c9d3036fd83bcb653b4db3c946db4c7d9b9be193c3c944bb?s=96&d=mm&r=g","contentUrl":"https:\/\/secure.gravatar.com\/avatar\/9137aac6891e2595c9d3036fd83bcb653b4db3c946db4c7d9b9be193c3c944bb?s=96&d=mm&r=g","caption":"administrador"},"url":"https:\/\/mont-roig.cat\/es\/actualitat\/noticies\/author\/administrador\/"}]}},"_links":{"self":[{"href":"https:\/\/mont-roig.cat\/es\/wp-json\/wp\/v2\/posts\/9999","targetHints":{"allow":["GET"]}}],"collection":[{"href":"https:\/\/mont-roig.cat\/es\/wp-json\/wp\/v2\/posts"}],"about":[{"href":"https:\/\/mont-roig.cat\/es\/wp-json\/wp\/v2\/types\/post"}],"author":[{"embeddable":true,"href":"https:\/\/mont-roig.cat\/es\/wp-json\/wp\/v2\/users\/4"}],"replies":[{"embeddable":true,"href":"https:\/\/mont-roig.cat\/es\/wp-json\/wp\/v2\/comments?post=9999"}],"version-history":[{"count":0,"href":"https:\/\/mont-roig.cat\/es\/wp-json\/wp\/v2\/posts\/9999\/revisions"}],"wp:featuredmedia":[{"embeddable":true,"href":"https:\/\/mont-roig.cat\/es\/wp-json\/wp\/v2\/media\/9997"}],"wp:attachment":[{"href":"https:\/\/mont-roig.cat\/es\/wp-json\/wp\/v2\/media?parent=9999"}],"wp:term":[{"taxonomy":"category","embeddable":true,"href":"https:\/\/mont-roig.cat\/es\/wp-json\/wp\/v2\/categories?post=9999"},{"taxonomy":"post_tag","embeddable":true,"href":"https:\/\/mont-roig.cat\/es\/wp-json\/wp\/v2\/tags?post=9999"}],"curies":[{"name":"wp","href":"https:\/\/api.w.org\/{rel}","templated":true}]}}